{"id":3642,"date":"2023-03-13T17:21:57","date_gmt":"2023-03-13T17:21:57","guid":{"rendered":"https:\/\/grupsevenlleida.com\/?p=3642"},"modified":"2023-03-14T15:15:10","modified_gmt":"2023-03-14T15:15:10","slug":"grup-seven-participa-les-jornades-formatives-dugt-lleida-amb-motiu-del-8-de-marc","status":"publish","type":"post","link":"https:\/\/grupsevenlleida.com\/ca\/grup-seven-participa-les-jornades-formatives-dugt-lleida-amb-motiu-del-8-de-marc\/","title":{"rendered":"Grup Seven a les jornades formatives d&#8217;UGT Lleida amb motiu del 8 de mar\u00e7"},"content":{"rendered":"<div class=\"fusion-fullwidth fullwidth-box fusion-builder-row-1 fusion-flex-container has-pattern-background has-mask-background nonhundred-percent-fullwidth non-hundred-percent-height-scrolling\" style=\"background-color: rgba(255,255,255,0);background-position: center center;background-repeat: no-repeat;border-width: 0px 0px 0px 0px;border-color:var(--awb-color3);border-style:solid;\" ><div class=\"fusion-builder-row fusion-row fusion-flex-align-items-flex-start\" style=\"max-width:calc( 1200px + 0px );margin-left: calc(-0px \/ 2 );margin-right: calc(-0px \/ 2 );\"><div class=\"fusion-layout-column fusion_builder_column fusion-builder-column-0 fusion_builder_column_5_6 5_6 fusion-flex-column fusion-animated\" data-animationType=\"fadeIn\" data-animationDuration=\"1.0\" data-animationOffset=\"top-into-view\"><div class=\"fusion-column-wrapper fusion-flex-justify-content-flex-start fusion-content-layout-column\" style=\"background-position:left top;background-repeat:no-repeat;-webkit-background-size:cover;-moz-background-size:cover;-o-background-size:cover;background-size:cover;padding: 0px 0px 0px 0px;\"><div class=\"fusion-text fusion-text-1 fusion-text-no-margin\" style=\"text-align:left;\"><h5>Amb motiu de la celebraci\u00f3 el passat dimecres 8 de mar\u00e7 del dia de la dona, una representaci\u00f3 de Grup Seven va participar a la jornada organitzada pel sindicat <a href=\"https:\/\/www.ugt.es\/lleida\" target=\"_blank\" rel=\"noopener\">UGT de les Terres de Lleida<\/a>, en aquest dia de reivindicaci\u00f3 que el sindicat va celebrar sota el lema &#8220;8M Igualtat o Conflicte&#8221;<\/h5>\n<p>Aquesta jornada <strong>8 de marzo<\/strong> de formaci\u00f3 i debat desenvolupada sota el t\u00edtol<strong> \u201cPerspectiva de g\u00e8nere en la prevenci\u00f3 de riscos laborals\u201d<\/strong> , va comen\u00e7ar a les 11.00 del mat\u00ed amb un col\u00b7loqui debat al voltant de g\u00e8nere i treball saludable que es va estructurar a les seg\u00fcents tem\u00e0tiques:<\/p>\n<ul>\n<li>El treball i el g\u00e8nere en la seguretat i salut laboral<\/li>\n<li>Avaluaci\u00f3 de riscos i activitat preventiva sensible al g\u00e8nere<\/li>\n<li>Igualtat a la feina i millora de les condicions de treball<\/li>\n<li>Conclusions lila per una perspectiva de g\u00e8nere en la seguretat i salut laboral: proposem millores per incorporar a les nostres empreses.<\/li>\n<\/ul>\n<p>Jornada condu\u00efda per <strong>Llu\u00efsa Aus\u00e0s,<\/strong> secret\u00e0ria de la Dona i Pol\u00edtiques d\u2019Igualtat de la UGT, amb la participaci\u00f3 de <strong>Miquel \u00c0ngel Calder\u00f3,<\/strong> infermer, t\u00e8cnic superior en Prevenci\u00f3 de Riscos Laborals i docent en l\u2019\u00e0mbit de la salut laboral a la Facultat d\u2019Infermeria i Fisioter\u00e0pia de la UdL.<\/p>\n<p>La jornada va acabar amb una acci\u00f3 de car\u00e0cter reivindicatiu i for\u00e7a visual amb la construcci\u00f3 d\u2019un gran lla\u00e7 lila en la zona de recepci\u00f3 de <strong>La Llotja,<\/strong> espai que va acollir la celebraci\u00f3 d\u2019aquesta jornada, que va comptar amb la nostra participaci\u00f3<\/p>\n<h4>Grup Seven ha implementado a la empresa el Plan de Igualdad<\/h4>\n<p>En el nostre afany per aconseguir una societat m\u00e9s justa i igualit\u00e0ria i en compliment de la normativa vigent, a Grup Seven hem implementat un\u00a0<strong>Pla d\u2019Igualtat de G\u00e8nere<\/strong>\u00a0que obre les portes a la plena incorporaci\u00f3 de la dona dins del nostre sector, per altra banda cada m\u00e9s present, i a la seva paritat salarial.<\/p>\n<p>A Grup Seven estem fermament compromesos a aconseguir alguna cosa, suposadament tan b\u00e0sica per\u00f2 que desgraciadament avui dia encara no \u00e9s aix\u00ed com aconseguir la igualtat real i efectiva eradicant, definitivament, les situacions en qu\u00e8 encara avui es produeix desigualtat i discriminaci\u00f3 envers les dones.<\/p>\n<h5><a href=\"https:\/\/grupsevenlleida.com\/ca\/auxiliars-de-servei\/\" target=\"_blank\" rel=\"noopener\">Grup Seven, especialistes en la prestaci\u00f3 de serveis de seguretat privada<\/a><\/h5>\n<\/div><\/div><style type=\"text\/css\">.fusion-body .fusion-builder-column-0{width:83.333333333333% !important;margin-top : 0px;margin-bottom : 80px;}.fusion-builder-column-0 > .fusion-column-wrapper {padding-top : 0px !important;padding-right : 0px !important;margin-right : 0px;padding-bottom : 0px !important;padding-left : 0px !important;margin-left : 0px;}@media only screen and (max-width:1024px) {.fusion-body .fusion-builder-column-0{width:83.333333333333% !important;order : 0;margin-bottom : 70px;}.fusion-builder-column-0 > .fusion-column-wrapper {margin-right : 0px;margin-left : 0px;}}@media only screen and (max-width:640px) {.fusion-body .fusion-builder-column-0{width:100% !important;order : 0;margin-bottom : 50px;}.fusion-builder-column-0 > .fusion-column-wrapper {margin-right : 0px;margin-left : 0px;}}<\/style><\/div><div class=\"fusion-layout-column fusion_builder_column fusion-builder-column-1 fusion_builder_column_1_1 1_1 fusion-flex-column\"><div class=\"fusion-column-wrapper fusion-flex-justify-content-flex-start fusion-content-layout-column\" style=\"background-position:center center;background-blend-mode: multiply;background-repeat:no-repeat;-webkit-background-size:cover;-moz-background-size:cover;-o-background-size:cover;background-size:cover;background-color:var(--awb-color1);padding: 0px 0px 0px 0px;\"><style type=\"text\/css\">.fusion-gallery-1 .fusion-gallery-image {border:0px solid var(--awb-color3);}.fusion-gallery.fusion-gallery-1 .fusion-gallery-image img{aspect-ratio:1 \/ 1;}<\/style><div class=\"awb-gallery-wrapper awb-gallery-wrapper-1 button-span-no\" style=\"--more-btn-alignment:center;\"><div class=\"fusion-gallery fusion-gallery-container fusion-grid-3 fusion-columns-total-2 fusion-gallery-layout-grid fusion-gallery-1 has-aspect-ratio\" style=\"margin:-5px;\"><div style=\"padding:5px;\" class=\"fusion-grid-column fusion-gallery-column fusion-gallery-column-3 hover-type-none\"><div class=\"fusion-gallery-image\"><a href=\"https:\/\/grupsevenlleida.com\/wp-content\/uploads\/2023\/03\/Nits-Q-Lleida-oci-nocturn-Grup-Seven-seguretat-privada.jpg\" rel=\"noreferrer\" data-rel=\"iLightbox[gallery_image_1]\" class=\"fusion-lightbox\" target=\"_self\"><img decoding=\"async\" src=\"https:\/\/grupsevenlleida.com\/wp-content\/uploads\/2023\/03\/Nits-Q-Lleida-oci-nocturn-Grup-Seven-seguretat-privada-460x295.jpg\" width=\"460\" height=\"295\" alt=\"Portada del documento de adhseion a la plataforma Nits Q Lleida\" title=\"Nits Q Lleida oci nocturn Grup Seven seguretat privada\" aria-label=\"Nits Q Lleida oci nocturn Grup Seven seguretat privada\" class=\"img-responsive wp-image-3604 fusion-gallery-image-size-fixed\"  \/><\/a><\/div><\/div><div style=\"padding:5px;\" class=\"fusion-grid-column fusion-gallery-column fusion-gallery-column-3 hover-type-none\"><div class=\"fusion-gallery-image\"><a href=\"https:\/\/grupsevenlleida.com\/wp-content\/uploads\/2023\/03\/Grup-Seven-Oci-Nocturn-Barcelona-Xavier-Trias-alcaldable-.jpeg\" rel=\"noreferrer\" data-rel=\"iLightbox[gallery_image_1]\" class=\"fusion-lightbox\" target=\"_self\"><img decoding=\"async\" src=\"https:\/\/grupsevenlleida.com\/wp-content\/uploads\/2023\/03\/Grup-Seven-Oci-Nocturn-Barcelona-Xavier-Trias-alcaldable--460x295.jpeg\" width=\"460\" height=\"295\" alt=\"El alcaldable al ayuntamiento de Barcelona Xavier Trias con Jorge Tirado jefe de seguridad Grup Seven\" title=\"Grup Seven Oci Nocturn Barcelona Xavier Trias alcaldable\" aria-label=\"Grup Seven Oci Nocturn Barcelona Xavier Trias alcaldable\" class=\"img-responsive wp-image-3594 fusion-gallery-image-size-fixed\"  \/><\/a><\/div><\/div><\/div><\/div><\/div><style type=\"text\/css\">.fusion-body .fusion-builder-column-1{width:100% !important;margin-top : 0px;margin-bottom : 20px;}.fusion-builder-column-1 > .fusion-column-wrapper {padding-top : 0px !important;padding-right : 0px !important;margin-right : 10px;padding-bottom : 0px !important;padding-left : 0px !important;margin-left : 10px;}@media only screen and (max-width:1024px) {.fusion-body .fusion-builder-column-1{width:100% !important;order : 0;}.fusion-builder-column-1 > .fusion-column-wrapper {margin-right : 10px;margin-left : 10px;}}@media only screen and (max-width:640px) {.fusion-body .fusion-builder-column-1{width:100% !important;order : 0;}.fusion-builder-column-1 > .fusion-column-wrapper {margin-right : 0px;margin-left : 0px;}}<\/style><\/div><div class=\"fusion-layout-column fusion_builder_column fusion-builder-column-2 fusion_builder_column_1_1 1_1 fusion-flex-column\"><div class=\"fusion-column-wrapper fusion-flex-justify-content-flex-start fusion-content-layout-column\" style=\"background-image: url(&#039;https:\/\/grupsevenlleida.com\/wp-content\/uploads\/2023\/03\/Grup-Seven-Plan-Igualdad-8-de-marzo.jpeg&#039;);background-position:center center;background-blend-mode: multiply;background-repeat:no-repeat;-webkit-background-size:cover;-moz-background-size:cover;-o-background-size:cover;background-size:cover;background-color:var(--awb-color6);padding: 0px 0px 0px 0px;\" data-bg-url=\"https:\/\/grupsevenlleida.com\/wp-content\/uploads\/2023\/03\/Grup-Seven-Plan-Igualdad-8-de-marzo.jpeg\"><style type=\"text\/css\">.fusion-gallery-2 .fusion-gallery-image {border:0px solid var(--awb-color3);}.fusion-gallery.fusion-gallery-2 .fusion-gallery-image img{aspect-ratio:1 \/ 1;}<\/style><div class=\"awb-gallery-wrapper awb-gallery-wrapper-2 button-span-no\" style=\"--more-btn-alignment:center;\"><div class=\"fusion-gallery fusion-gallery-container fusion-grid-3 fusion-columns-total-0 fusion-gallery-layout-grid fusion-gallery-2 has-aspect-ratio\" style=\"margin:-5px;\"><\/div><\/div><\/div><style type=\"text\/css\">.fusion-body .fusion-builder-column-2{width:100% !important;margin-top : 0px;margin-bottom : 20px;}.fusion-builder-column-2 > .fusion-column-wrapper {padding-top : 0px !important;padding-right : 0px !important;margin-right : 10px;padding-bottom : 0px !important;padding-left : 0px !important;margin-left : 10px;}@media only screen and (max-width:1024px) {.fusion-body .fusion-builder-column-2{width:100% !important;order : 0;}.fusion-builder-column-2 > .fusion-column-wrapper {margin-right : 10px;margin-left : 10px;}}@media only screen and (max-width:640px) {.fusion-body .fusion-builder-column-2{width:100% !important;order : 0;}.fusion-builder-column-2 > .fusion-column-wrapper {margin-right : 0px;margin-left : 0px;}}<\/style><\/div><\/div><style type=\"text\/css\">.fusion-body .fusion-flex-container.fusion-builder-row-1{ padding-top : 0px;margin-top : 0px;padding-right : 0px;padding-bottom : 0px;margin-bottom : 0px;padding-left : 0px;}<\/style><\/div>\n","protected":false},"excerpt":{"rendered":"<p>Vestibulum ante ipsum primis in faucibus orci luctus et ultrices posuere.<\/p>\n","protected":false},"author":1,"featured_media":3635,"comment_status":"open","ping_status":"open","sticky":false,"template":"","format":"standard","meta":{"footnotes":""},"categories":[70],"tags":[167,169,73,74,168,113,76,77,78,170],"class_list":["post-3642","post","type-post","status-publish","format-standard","has-post-thumbnail","hentry","category-noticia-ca","tag-8-de-marc","tag-8m-ca","tag-grup-seven-ca","tag-lleida-ca","tag-plan-igualtat","tag-seguretat-privada-lleida-ca","tag-seguridad-privada-ca","tag-seven-ponent-ca","tag-seven-seguretat-ca","tag-ugt-lleida-ca"],"yoast_head":"<!-- This site is optimized with the Yoast SEO plugin v26.1.1 - https:\/\/yoast.com\/wordpress\/plugins\/seo\/ -->\n<title>Grup Seven a les jornades formatives d&#039;UGT Lleida amb motiu del 8 de mar\u00e7 - Grup Seven<\/title>\n<meta name=\"description\" content=\"Grup Seven, empresa de seguretat privada, participa a les jornades formatives organtizades per UGT Lleida amb motiu del 8 de mar\u00e7\" \/>\n<meta name=\"robots\" content=\"index, follow, max-snippet:-1, max-image-preview:large, max-video-preview:-1\" \/>\n<link rel=\"canonical\" href=\"https:\/\/grupsevenlleida.com\/ca\/grup-seven-participa-les-jornades-formatives-dugt-lleida-amb-motiu-del-8-de-marc\/\" \/>\n<meta property=\"og:locale\" content=\"ca_ES\" \/>\n<meta property=\"og:type\" content=\"article\" \/>\n<meta property=\"og:title\" content=\"Grup Seven a les jornades formatives d&#039;UGT Lleida amb motiu del 8 de mar\u00e7 - Grup Seven\" \/>\n<meta property=\"og:description\" content=\"Grup Seven, empresa de seguretat privada, participa a les jornades formatives organtizades per UGT Lleida amb motiu del 8 de mar\u00e7\" \/>\n<meta property=\"og:url\" content=\"https:\/\/grupsevenlleida.com\/ca\/grup-seven-participa-les-jornades-formatives-dugt-lleida-amb-motiu-del-8-de-marc\/\" \/>\n<meta property=\"og:site_name\" content=\"Grup Seven\" \/>\n<meta property=\"article:published_time\" content=\"2023-03-13T17:21:57+00:00\" \/>\n<meta property=\"article:modified_time\" content=\"2023-03-14T15:15:10+00:00\" \/>\n<meta property=\"og:image\" content=\"https:\/\/grupsevenlleida.com\/wp-content\/uploads\/2023\/03\/Grup-Seven-Plan-Igualdad-8-de-marzo.jpeg\" \/>\n\t<meta property=\"og:image:width\" content=\"960\" \/>\n\t<meta property=\"og:image:height\" content=\"1280\" \/>\n\t<meta property=\"og:image:type\" content=\"image\/jpeg\" \/>\n<meta name=\"author\" content=\"admin\" \/>\n<meta name=\"twitter:card\" content=\"summary_large_image\" \/>\n<meta name=\"twitter:label1\" content=\"Escrit per\" \/>\n\t<meta name=\"twitter:data1\" content=\"admin\" \/>\n\t<meta name=\"twitter:label2\" content=\"Temps estimat de lectura\" \/>\n\t<meta name=\"twitter:data2\" content=\"5 minuts\" \/>\n<script type=\"application\/ld+json\" class=\"yoast-schema-graph\">{\"@context\":\"https:\/\/schema.org\",\"@graph\":[{\"@type\":\"WebPage\",\"@id\":\"https:\/\/grupsevenlleida.com\/ca\/grup-seven-participa-les-jornades-formatives-dugt-lleida-amb-motiu-del-8-de-marc\/\",\"url\":\"https:\/\/grupsevenlleida.com\/ca\/grup-seven-participa-les-jornades-formatives-dugt-lleida-amb-motiu-del-8-de-marc\/\",\"name\":\"Grup Seven a les jornades formatives d'UGT Lleida amb motiu del 8 de mar\u00e7 - Grup Seven\",\"isPartOf\":{\"@id\":\"https:\/\/grupsevenlleida.com\/#website\"},\"primaryImageOfPage\":{\"@id\":\"https:\/\/grupsevenlleida.com\/ca\/grup-seven-participa-les-jornades-formatives-dugt-lleida-amb-motiu-del-8-de-marc\/#primaryimage\"},\"image\":{\"@id\":\"https:\/\/grupsevenlleida.com\/ca\/grup-seven-participa-les-jornades-formatives-dugt-lleida-amb-motiu-del-8-de-marc\/#primaryimage\"},\"thumbnailUrl\":\"https:\/\/grupsevenlleida.com\/wp-content\/uploads\/2023\/03\/Grup-Seven-Plan-Igualdad-8-de-marzo.jpeg\",\"datePublished\":\"2023-03-13T17:21:57+00:00\",\"dateModified\":\"2023-03-14T15:15:10+00:00\",\"author\":{\"@id\":\"https:\/\/grupsevenlleida.com\/#\/schema\/person\/357e8123ef13664579270ffb1bd12374\"},\"description\":\"Grup Seven, empresa de seguretat privada, participa a les jornades formatives organtizades per UGT Lleida amb motiu del 8 de mar\u00e7\",\"breadcrumb\":{\"@id\":\"https:\/\/grupsevenlleida.com\/ca\/grup-seven-participa-les-jornades-formatives-dugt-lleida-amb-motiu-del-8-de-marc\/#breadcrumb\"},\"inLanguage\":\"ca\",\"potentialAction\":[{\"@type\":\"ReadAction\",\"target\":[\"https:\/\/grupsevenlleida.com\/ca\/grup-seven-participa-les-jornades-formatives-dugt-lleida-amb-motiu-del-8-de-marc\/\"]}]},{\"@type\":\"ImageObject\",\"inLanguage\":\"ca\",\"@id\":\"https:\/\/grupsevenlleida.com\/ca\/grup-seven-participa-les-jornades-formatives-dugt-lleida-amb-motiu-del-8-de-marc\/#primaryimage\",\"url\":\"https:\/\/grupsevenlleida.com\/wp-content\/uploads\/2023\/03\/Grup-Seven-Plan-Igualdad-8-de-marzo.jpeg\",\"contentUrl\":\"https:\/\/grupsevenlleida.com\/wp-content\/uploads\/2023\/03\/Grup-Seven-Plan-Igualdad-8-de-marzo.jpeg\",\"width\":960,\"height\":1280,\"caption\":\"Participantes en la jornada de UGT Lleida del 8 de marzo recreando un lazo lila\"},{\"@type\":\"BreadcrumbList\",\"@id\":\"https:\/\/grupsevenlleida.com\/ca\/grup-seven-participa-les-jornades-formatives-dugt-lleida-amb-motiu-del-8-de-marc\/#breadcrumb\",\"itemListElement\":[{\"@type\":\"ListItem\",\"position\":1,\"name\":\"Home\",\"item\":\"https:\/\/grupsevenlleida.com\/ca\/\"},{\"@type\":\"ListItem\",\"position\":2,\"name\":\"Grup Seven a les jornades formatives d&#8217;UGT Lleida amb motiu del 8 de mar\u00e7\"}]},{\"@type\":\"WebSite\",\"@id\":\"https:\/\/grupsevenlleida.com\/#website\",\"url\":\"https:\/\/grupsevenlleida.com\/\",\"name\":\"Grup Seven\",\"description\":\"Seguretat privada a Lleida\",\"potentialAction\":[{\"@type\":\"SearchAction\",\"target\":{\"@type\":\"EntryPoint\",\"urlTemplate\":\"https:\/\/grupsevenlleida.com\/?s={search_term_string}\"},\"query-input\":{\"@type\":\"PropertyValueSpecification\",\"valueRequired\":true,\"valueName\":\"search_term_string\"}}],\"inLanguage\":\"ca\"},{\"@type\":\"Person\",\"@id\":\"https:\/\/grupsevenlleida.com\/#\/schema\/person\/357e8123ef13664579270ffb1bd12374\",\"name\":\"admin\",\"image\":{\"@type\":\"ImageObject\",\"inLanguage\":\"ca\",\"@id\":\"https:\/\/grupsevenlleida.com\/#\/schema\/person\/image\/\",\"url\":\"https:\/\/secure.gravatar.com\/avatar\/3d8771e958295f415804336505f0c6faebfe16c066754f8f90e0b5a1023ffc77?s=96&d=mm&r=g\",\"contentUrl\":\"https:\/\/secure.gravatar.com\/avatar\/3d8771e958295f415804336505f0c6faebfe16c066754f8f90e0b5a1023ffc77?s=96&d=mm&r=g\",\"caption\":\"admin\"},\"sameAs\":[\"https:\/\/grupsevenlleida.com\"],\"url\":\"https:\/\/grupsevenlleida.com\/ca\/author\/jordi_6572h63p\/\"}]}<\/script>\n<!-- \/ Yoast SEO plugin. -->","yoast_head_json":{"title":"Grup Seven a les jornades formatives d'UGT Lleida amb motiu del 8 de mar\u00e7 - Grup Seven","description":"Grup Seven, empresa de seguretat privada, participa a les jornades formatives organtizades per UGT Lleida amb motiu del 8 de mar\u00e7","robots":{"index":"index","follow":"follow","max-snippet":"max-snippet:-1","max-image-preview":"max-image-preview:large","max-video-preview":"max-video-preview:-1"},"canonical":"https:\/\/grupsevenlleida.com\/ca\/grup-seven-participa-les-jornades-formatives-dugt-lleida-amb-motiu-del-8-de-marc\/","og_locale":"ca_ES","og_type":"article","og_title":"Grup Seven a les jornades formatives d'UGT Lleida amb motiu del 8 de mar\u00e7 - Grup Seven","og_description":"Grup Seven, empresa de seguretat privada, participa a les jornades formatives organtizades per UGT Lleida amb motiu del 8 de mar\u00e7","og_url":"https:\/\/grupsevenlleida.com\/ca\/grup-seven-participa-les-jornades-formatives-dugt-lleida-amb-motiu-del-8-de-marc\/","og_site_name":"Grup Seven","article_published_time":"2023-03-13T17:21:57+00:00","article_modified_time":"2023-03-14T15:15:10+00:00","og_image":[{"width":960,"height":1280,"url":"https:\/\/grupsevenlleida.com\/wp-content\/uploads\/2023\/03\/Grup-Seven-Plan-Igualdad-8-de-marzo.jpeg","type":"image\/jpeg"}],"author":"admin","twitter_card":"summary_large_image","twitter_misc":{"Escrit per":"admin","Temps estimat de lectura":"5 minuts"},"schema":{"@context":"https:\/\/schema.org","@graph":[{"@type":"WebPage","@id":"https:\/\/grupsevenlleida.com\/ca\/grup-seven-participa-les-jornades-formatives-dugt-lleida-amb-motiu-del-8-de-marc\/","url":"https:\/\/grupsevenlleida.com\/ca\/grup-seven-participa-les-jornades-formatives-dugt-lleida-amb-motiu-del-8-de-marc\/","name":"Grup Seven a les jornades formatives d'UGT Lleida amb motiu del 8 de mar\u00e7 - Grup Seven","isPartOf":{"@id":"https:\/\/grupsevenlleida.com\/#website"},"primaryImageOfPage":{"@id":"https:\/\/grupsevenlleida.com\/ca\/grup-seven-participa-les-jornades-formatives-dugt-lleida-amb-motiu-del-8-de-marc\/#primaryimage"},"image":{"@id":"https:\/\/grupsevenlleida.com\/ca\/grup-seven-participa-les-jornades-formatives-dugt-lleida-amb-motiu-del-8-de-marc\/#primaryimage"},"thumbnailUrl":"https:\/\/grupsevenlleida.com\/wp-content\/uploads\/2023\/03\/Grup-Seven-Plan-Igualdad-8-de-marzo.jpeg","datePublished":"2023-03-13T17:21:57+00:00","dateModified":"2023-03-14T15:15:10+00:00","author":{"@id":"https:\/\/grupsevenlleida.com\/#\/schema\/person\/357e8123ef13664579270ffb1bd12374"},"description":"Grup Seven, empresa de seguretat privada, participa a les jornades formatives organtizades per UGT Lleida amb motiu del 8 de mar\u00e7","breadcrumb":{"@id":"https:\/\/grupsevenlleida.com\/ca\/grup-seven-participa-les-jornades-formatives-dugt-lleida-amb-motiu-del-8-de-marc\/#breadcrumb"},"inLanguage":"ca","potentialAction":[{"@type":"ReadAction","target":["https:\/\/grupsevenlleida.com\/ca\/grup-seven-participa-les-jornades-formatives-dugt-lleida-amb-motiu-del-8-de-marc\/"]}]},{"@type":"ImageObject","inLanguage":"ca","@id":"https:\/\/grupsevenlleida.com\/ca\/grup-seven-participa-les-jornades-formatives-dugt-lleida-amb-motiu-del-8-de-marc\/#primaryimage","url":"https:\/\/grupsevenlleida.com\/wp-content\/uploads\/2023\/03\/Grup-Seven-Plan-Igualdad-8-de-marzo.jpeg","contentUrl":"https:\/\/grupsevenlleida.com\/wp-content\/uploads\/2023\/03\/Grup-Seven-Plan-Igualdad-8-de-marzo.jpeg","width":960,"height":1280,"caption":"Participantes en la jornada de UGT Lleida del 8 de marzo recreando un lazo lila"},{"@type":"BreadcrumbList","@id":"https:\/\/grupsevenlleida.com\/ca\/grup-seven-participa-les-jornades-formatives-dugt-lleida-amb-motiu-del-8-de-marc\/#breadcrumb","itemListElement":[{"@type":"ListItem","position":1,"name":"Home","item":"https:\/\/grupsevenlleida.com\/ca\/"},{"@type":"ListItem","position":2,"name":"Grup Seven a les jornades formatives d&#8217;UGT Lleida amb motiu del 8 de mar\u00e7"}]},{"@type":"WebSite","@id":"https:\/\/grupsevenlleida.com\/#website","url":"https:\/\/grupsevenlleida.com\/","name":"Grup Seven","description":"Seguretat privada a Lleida","potentialAction":[{"@type":"SearchAction","target":{"@type":"EntryPoint","urlTemplate":"https:\/\/grupsevenlleida.com\/?s={search_term_string}"},"query-input":{"@type":"PropertyValueSpecification","valueRequired":true,"valueName":"search_term_string"}}],"inLanguage":"ca"},{"@type":"Person","@id":"https:\/\/grupsevenlleida.com\/#\/schema\/person\/357e8123ef13664579270ffb1bd12374","name":"admin","image":{"@type":"ImageObject","inLanguage":"ca","@id":"https:\/\/grupsevenlleida.com\/#\/schema\/person\/image\/","url":"https:\/\/secure.gravatar.com\/avatar\/3d8771e958295f415804336505f0c6faebfe16c066754f8f90e0b5a1023ffc77?s=96&d=mm&r=g","contentUrl":"https:\/\/secure.gravatar.com\/avatar\/3d8771e958295f415804336505f0c6faebfe16c066754f8f90e0b5a1023ffc77?s=96&d=mm&r=g","caption":"admin"},"sameAs":["https:\/\/grupsevenlleida.com"],"url":"https:\/\/grupsevenlleida.com\/ca\/author\/jordi_6572h63p\/"}]}},"_links":{"self":[{"href":"https:\/\/grupsevenlleida.com\/ca\/wp-json\/wp\/v2\/posts\/3642","targetHints":{"allow":["GET"]}}],"collection":[{"href":"https:\/\/grupsevenlleida.com\/ca\/wp-json\/wp\/v2\/posts"}],"about":[{"href":"https:\/\/grupsevenlleida.com\/ca\/wp-json\/wp\/v2\/types\/post"}],"author":[{"embeddable":true,"href":"https:\/\/grupsevenlleida.com\/ca\/wp-json\/wp\/v2\/users\/1"}],"replies":[{"embeddable":true,"href":"https:\/\/grupsevenlleida.com\/ca\/wp-json\/wp\/v2\/comments?post=3642"}],"version-history":[{"count":2,"href":"https:\/\/grupsevenlleida.com\/ca\/wp-json\/wp\/v2\/posts\/3642\/revisions"}],"predecessor-version":[{"id":3685,"href":"https:\/\/grupsevenlleida.com\/ca\/wp-json\/wp\/v2\/posts\/3642\/revisions\/3685"}],"wp:featuredmedia":[{"embeddable":true,"href":"https:\/\/grupsevenlleida.com\/ca\/wp-json\/wp\/v2\/media\/3635"}],"wp:attachment":[{"href":"https:\/\/grupsevenlleida.com\/ca\/wp-json\/wp\/v2\/media?parent=3642"}],"wp:term":[{"taxonomy":"category","embeddable":true,"href":"https:\/\/grupsevenlleida.com\/ca\/wp-json\/wp\/v2\/categories?post=3642"},{"taxonomy":"post_tag","embeddable":true,"href":"https:\/\/grupsevenlleida.com\/ca\/wp-json\/wp\/v2\/tags?post=3642"}],"curies":[{"name":"wp","href":"https:\/\/api.w.org\/{rel}","templated":true}]}}