{"id":5322,"date":"2025-07-25T11:44:19","date_gmt":"2025-07-25T09:44:19","guid":{"rendered":"https:\/\/grupsevenlleida.com\/?p=5322"},"modified":"2025-07-25T11:45:50","modified_gmt":"2025-07-25T09:45:50","slug":"talent-i-emprenedoria-local-es-donen-la-ma-al-pitchcheers-a-locowork-amb-la-participacio-de-grup-seven","status":"publish","type":"post","link":"https:\/\/grupsevenlleida.com\/ca\/talent-i-emprenedoria-local-es-donen-la-ma-al-pitchcheers-a-locowork-amb-la-participacio-de-grup-seven\/","title":{"rendered":"Talent i emprenedoria local es donen la m\u00e0 al Pitch&#038;Cheers a LoCowork amb la participaci\u00f3 de Grup Seven"},"content":{"rendered":"<div class=\"fusion-fullwidth fullwidth-box fusion-builder-row-1 fusion-flex-container has-pattern-background has-mask-background nonhundred-percent-fullwidth non-hundred-percent-height-scrolling\" style=\"background-color: rgba(255,255,255,0);background-position: center center;background-repeat: no-repeat;border-width: 0px 0px 0px 0px;border-color:var(--awb-color3);border-style:solid;\" ><div class=\"fusion-builder-row fusion-row fusion-flex-align-items-flex-start\" style=\"max-width:calc( 1200px + 0px );margin-left: calc(-0px \/ 2 );margin-right: calc(-0px \/ 2 );\"><div class=\"fusion-layout-column fusion_builder_column fusion-builder-column-0 fusion_builder_column_5_6 5_6 fusion-flex-column fusion-animated\" data-animationType=\"fadeIn\" data-animationDuration=\"1.0\" data-animationOffset=\"top-into-view\"><div class=\"fusion-column-wrapper fusion-flex-justify-content-flex-start fusion-content-layout-column\" style=\"background-position:left top;background-repeat:no-repeat;-webkit-background-size:cover;-moz-background-size:cover;-o-background-size:cover;background-size:cover;padding: 0px 0px 0px 0px;\"><div class=\"fusion-text fusion-text-1 fusion-text-no-margin\" style=\"text-align:left;\"><p data-start=\"812\" data-end=\"960\"><strong data-start=\"812\" data-end=\"960\">Grup Seven reafirma el seu comprom\u00eds amb el talent emergent i la innovaci\u00f3 local participant en el Pitch&amp;Cheers organitzat a LoCowork Lleida amb motiu del tancament del curs Empr\u00e8n amb \u00c8xit, organitzat per la Cambra de Comer\u00e7 de Lleida conjuntament amb l&#8217;ecosistema emprenedor Link Up.<\/strong><\/p>\n<p data-start=\"962\" data-end=\"1340\">El passat dimecres, el programa <em data-start=\"994\" data-end=\"1011\">Empr\u00e8n amb \u00c8xit<\/em> va celebrar la seva cloenda amb el <em data-start=\"1047\" data-end=\"1061\">Pitch&amp;Cheers<\/em>, una trobada duta a terme a LoCowork Lleida amb la col\u00b7laboraci\u00f3 de l\u2019Ajuntament de Lleida i la Cambra de Comer\u00e7. L\u2019acte va reunir startups, inversors, empreses i p\u00fablic en general al voltant d\u2019un objectiu com\u00fa: donar visibilitat a joves emprenedors i crear noves oportunitats.<\/p>\n<p data-start=\"1342\" data-end=\"1568\">En aquest escenari din\u00e0mic i inspirador, <strong data-start=\"1383\" data-end=\"1396\">Grup Seven<\/strong>, empresa referent en <strong data-start=\"1418\" data-end=\"1448\">seguretat privada a Lleida<\/strong> i <strong data-start=\"1451\" data-end=\"1483\">auxiliars de servei a Lleida<\/strong>, va ser convidada a participar com a testimoni del potencial i la creativitat local.<\/p>\n<p data-start=\"1570\" data-end=\"1870\">&#8220;\u00c9s un honor compartir espai amb projectes tan potents i veure com neixen sinergies que poden transformar Lleida&#8221;, asseguren des de la direcci\u00f3 de Grup Seven. L\u2019empresa destaca la import\u00e0ncia d\u2019estar present en iniciatives que reforcen la cohesi\u00f3 del teixit empresarial i fomenten la innovaci\u00f3 social.<\/p>\n<p data-start=\"1872\" data-end=\"2217\">El suport de figures com <strong data-start=\"1897\" data-end=\"1913\">Jordi Bernat<\/strong>, impulsor de LoCowork i de l&#8217;ecosistema emprenedor LinkUp, ha estat clau per consolidar aquest esdeveniment com una cita indispensable dins del calendari emprenedor local. Des de Grup Seven, es destaca especialment el valor de crear xarxes de confian\u00e7a, compartir coneixement i obrir camins per als joves amb idees transformadores.<\/p>\n<p data-start=\"2219\" data-end=\"2479\">Amb un enfocament clar cap al futur, Grup Seven reitera el seu comprom\u00eds amb la promoci\u00f3 del talent i l\u2019acompanyament a les noves iniciatives que contribueixen al desenvolupament de la ciutat. &#8220;Seguirem presents all\u00e0 on es construeixin oportunitats&#8221;.<\/p>\n<h3 data-start=\"2219\" data-end=\"2479\">Grup Seven, la seguretat privada al servei de les persones<\/h3>\n<\/div><\/div><style type=\"text\/css\">.fusion-body .fusion-builder-column-0{width:83.333333333333% !important;margin-top : 0px;margin-bottom : 80px;}.fusion-builder-column-0 > .fusion-column-wrapper {padding-top : 0px !important;padding-right : 0px !important;margin-right : 0px;padding-bottom : 0px !important;padding-left : 0px !important;margin-left : 0px;}@media only screen and (max-width:1024px) {.fusion-body .fusion-builder-column-0{width:83.333333333333% !important;order : 0;margin-bottom : 70px;}.fusion-builder-column-0 > .fusion-column-wrapper {margin-right : 0px;margin-left : 0px;}}@media only screen and (max-width:640px) {.fusion-body .fusion-builder-column-0{width:100% !important;order : 0;margin-bottom : 50px;}.fusion-builder-column-0 > .fusion-column-wrapper {margin-right : 0px;margin-left : 0px;}}<\/style><\/div><div class=\"fusion-layout-column fusion_builder_column fusion-builder-column-1 fusion_builder_column_1_1 1_1 fusion-flex-column\"><div class=\"fusion-column-wrapper fusion-flex-justify-content-flex-start fusion-content-layout-column\" style=\"background-position:center center;background-blend-mode: multiply;background-repeat:no-repeat;-webkit-background-size:cover;-moz-background-size:cover;-o-background-size:cover;background-size:cover;background-color:var(--awb-color1);padding: 0px 0px 0px 0px;\"><style type=\"text\/css\">.fusion-gallery-1 .fusion-gallery-image {border:0px solid var(--awb-color3);}.fusion-gallery.fusion-gallery-1 .fusion-gallery-image img{aspect-ratio:1 \/ 1;}<\/style><div class=\"awb-gallery-wrapper awb-gallery-wrapper-1 button-span-no\" style=\"--more-btn-alignment:center;\"><div class=\"fusion-gallery fusion-gallery-container fusion-grid-3 fusion-columns-total-0 fusion-gallery-layout-grid fusion-gallery-1 has-aspect-ratio\" style=\"margin:-5px;\"><\/div><\/div><\/div><style type=\"text\/css\">.fusion-body .fusion-builder-column-1{width:100% !important;margin-top : 0px;margin-bottom : 20px;}.fusion-builder-column-1 > .fusion-column-wrapper {padding-top : 0px !important;padding-right : 0px !important;margin-right : 10px;padding-bottom : 0px !important;padding-left : 0px !important;margin-left : 10px;}@media only screen and (max-width:1024px) {.fusion-body .fusion-builder-column-1{width:100% !important;order : 0;}.fusion-builder-column-1 > .fusion-column-wrapper {margin-right : 10px;margin-left : 10px;}}@media only screen and (max-width:640px) {.fusion-body .fusion-builder-column-1{width:100% !important;order : 0;}.fusion-builder-column-1 > .fusion-column-wrapper {margin-right : 0px;margin-left : 0px;}}<\/style><\/div><div class=\"fusion-layout-column fusion_builder_column fusion-builder-column-2 fusion_builder_column_1_1 1_1 fusion-flex-column\"><div class=\"fusion-column-wrapper fusion-flex-justify-content-flex-start fusion-content-layout-column\" style=\"background-image: url(&#039;https:\/\/grupsevenlleida.com\/wp-content\/uploads\/2025\/06\/Grup-Seven-Lleida-curs-Empren-amb-exit-Link-Up.png&#039;);background-position:center center;background-blend-mode: multiply;background-repeat:no-repeat;-webkit-background-size:cover;-moz-background-size:cover;-o-background-size:cover;background-size:cover;background-color:var(--awb-color6);padding: 0px 0px 0px 0px;\" data-bg-url=\"https:\/\/grupsevenlleida.com\/wp-content\/uploads\/2025\/06\/Grup-Seven-Lleida-curs-Empren-amb-exit-Link-Up.png\"><style type=\"text\/css\">.fusion-gallery-2 .fusion-gallery-image {border:0px solid var(--awb-color3);}.fusion-gallery.fusion-gallery-2 .fusion-gallery-image img{aspect-ratio:1 \/ 1;}<\/style><div class=\"awb-gallery-wrapper awb-gallery-wrapper-2 button-span-no\" style=\"--more-btn-alignment:center;\"><div class=\"fusion-gallery fusion-gallery-container fusion-grid-3 fusion-columns-total-0 fusion-gallery-layout-grid fusion-gallery-2 has-aspect-ratio\" style=\"margin:-5px;\"><\/div><\/div><\/div><style type=\"text\/css\">.fusion-body .fusion-builder-column-2{width:100% !important;margin-top : 0px;margin-bottom : 20px;}.fusion-builder-column-2 > .fusion-column-wrapper {padding-top : 0px !important;padding-right : 0px !important;margin-right : 10px;padding-bottom : 0px !important;padding-left : 0px !important;margin-left : 10px;}@media only screen and (max-width:1024px) {.fusion-body .fusion-builder-column-2{width:100% !important;order : 0;}.fusion-builder-column-2 > .fusion-column-wrapper {margin-right : 10px;margin-left : 10px;}}@media only screen and (max-width:640px) {.fusion-body .fusion-builder-column-2{width:100% !important;order : 0;}.fusion-builder-column-2 > .fusion-column-wrapper {margin-right : 0px;margin-left : 0px;}}<\/style><\/div><\/div><style type=\"text\/css\">.fusion-body .fusion-flex-container.fusion-builder-row-1{ padding-top : 0px;margin-top : 0px;padding-right : 0px;padding-bottom : 0px;margin-bottom : 0px;padding-left : 0px;}<\/style><\/div>\n","protected":false},"excerpt":{"rendered":"<p>Vestibulum ante ipsum primis in faucibus orci luctus et ultrices posuere.<\/p>\n","protected":false},"author":1,"featured_media":5320,"comment_status":"closed","ping_status":"closed","sticky":false,"template":"","format":"standard","meta":{"footnotes":""},"categories":[70],"tags":[309,842,829,73,843,74,844,113,76,77,78,310,312,308],"class_list":["post-5322","post","type-post","status-publish","format-standard","has-post-thumbnail","hentry","category-noticia-ca","tag-auxiliars-de-servei","tag-empren-amb-exit","tag-emprenedoria","tag-grup-seven-ca","tag-link-up-ca","tag-lleida-ca","tag-locowork-ca","tag-seguretat-privada-lleida-ca","tag-seguridad-privada-ca","tag-seven-ponent-ca","tag-seven-seguretat-ca","tag-vigilancia-canina","tag-vigilancia-de-seguretat-amb-gos","tag-vigilants-seguretat"],"yoast_head":"<!-- This site is optimized with the Yoast SEO plugin v26.1.1 - https:\/\/yoast.com\/wordpress\/plugins\/seo\/ -->\n<title>Talent i emprenedoria local es donen la m\u00e0 al Pitch&amp;Cheers a LoCowork amb la participaci\u00f3 de Grup Seven - Grup Seven<\/title>\n<meta name=\"description\" content=\"Talent i emprenedoria local es donen la m\u00e0 al Pitch&amp;Cheers a LoCowork amb la participaci\u00f3 de Grup Seven\" \/>\n<meta name=\"robots\" content=\"index, follow, max-snippet:-1, max-image-preview:large, max-video-preview:-1\" \/>\n<link rel=\"canonical\" href=\"https:\/\/grupsevenlleida.com\/ca\/talent-i-emprenedoria-local-es-donen-la-ma-al-pitchcheers-a-locowork-amb-la-participacio-de-grup-seven\/\" \/>\n<meta property=\"og:locale\" content=\"ca_ES\" \/>\n<meta property=\"og:type\" content=\"article\" \/>\n<meta property=\"og:title\" content=\"Talent i emprenedoria local es donen la m\u00e0 al Pitch&amp;Cheers a LoCowork amb la participaci\u00f3 de Grup Seven - Grup Seven\" \/>\n<meta property=\"og:description\" content=\"Talent i emprenedoria local es donen la m\u00e0 al Pitch&amp;Cheers a LoCowork amb la participaci\u00f3 de Grup Seven\" \/>\n<meta property=\"og:url\" content=\"https:\/\/grupsevenlleida.com\/ca\/talent-i-emprenedoria-local-es-donen-la-ma-al-pitchcheers-a-locowork-amb-la-participacio-de-grup-seven\/\" \/>\n<meta property=\"og:site_name\" content=\"Grup Seven\" \/>\n<meta property=\"article:published_time\" content=\"2025-07-25T09:44:19+00:00\" \/>\n<meta property=\"article:modified_time\" content=\"2025-07-25T09:45:50+00:00\" \/>\n<meta property=\"og:image\" content=\"https:\/\/grupsevenlleida.com\/wp-content\/uploads\/2025\/06\/Grup-Seven-Lleida-curs-Empren-amb-exit-Link-Up.png\" \/>\n\t<meta property=\"og:image:width\" content=\"501\" \/>\n\t<meta property=\"og:image:height\" content=\"665\" \/>\n\t<meta property=\"og:image:type\" content=\"image\/png\" \/>\n<meta name=\"author\" content=\"admin\" \/>\n<meta name=\"twitter:card\" content=\"summary_large_image\" \/>\n<meta name=\"twitter:label1\" content=\"Escrit per\" \/>\n\t<meta name=\"twitter:data1\" content=\"admin\" \/>\n\t<meta name=\"twitter:label2\" content=\"Temps estimat de lectura\" \/>\n\t<meta name=\"twitter:data2\" content=\"5 minuts\" \/>\n<script type=\"application\/ld+json\" class=\"yoast-schema-graph\">{\"@context\":\"https:\/\/schema.org\",\"@graph\":[{\"@type\":\"WebPage\",\"@id\":\"https:\/\/grupsevenlleida.com\/ca\/talent-i-emprenedoria-local-es-donen-la-ma-al-pitchcheers-a-locowork-amb-la-participacio-de-grup-seven\/\",\"url\":\"https:\/\/grupsevenlleida.com\/ca\/talent-i-emprenedoria-local-es-donen-la-ma-al-pitchcheers-a-locowork-amb-la-participacio-de-grup-seven\/\",\"name\":\"Talent i emprenedoria local es donen la m\u00e0 al Pitch&Cheers a LoCowork amb la participaci\u00f3 de Grup Seven - Grup Seven\",\"isPartOf\":{\"@id\":\"https:\/\/grupsevenlleida.com\/#website\"},\"primaryImageOfPage\":{\"@id\":\"https:\/\/grupsevenlleida.com\/ca\/talent-i-emprenedoria-local-es-donen-la-ma-al-pitchcheers-a-locowork-amb-la-participacio-de-grup-seven\/#primaryimage\"},\"image\":{\"@id\":\"https:\/\/grupsevenlleida.com\/ca\/talent-i-emprenedoria-local-es-donen-la-ma-al-pitchcheers-a-locowork-amb-la-participacio-de-grup-seven\/#primaryimage\"},\"thumbnailUrl\":\"https:\/\/grupsevenlleida.com\/wp-content\/uploads\/2025\/06\/Grup-Seven-Lleida-curs-Empren-amb-exit-Link-Up.png\",\"datePublished\":\"2025-07-25T09:44:19+00:00\",\"dateModified\":\"2025-07-25T09:45:50+00:00\",\"author\":{\"@id\":\"https:\/\/grupsevenlleida.com\/#\/schema\/person\/357e8123ef13664579270ffb1bd12374\"},\"description\":\"Talent i emprenedoria local es donen la m\u00e0 al Pitch&Cheers a LoCowork amb la participaci\u00f3 de Grup Seven\",\"breadcrumb\":{\"@id\":\"https:\/\/grupsevenlleida.com\/ca\/talent-i-emprenedoria-local-es-donen-la-ma-al-pitchcheers-a-locowork-amb-la-participacio-de-grup-seven\/#breadcrumb\"},\"inLanguage\":\"ca\",\"potentialAction\":[{\"@type\":\"ReadAction\",\"target\":[\"https:\/\/grupsevenlleida.com\/ca\/talent-i-emprenedoria-local-es-donen-la-ma-al-pitchcheers-a-locowork-amb-la-participacio-de-grup-seven\/\"]}]},{\"@type\":\"ImageObject\",\"inLanguage\":\"ca\",\"@id\":\"https:\/\/grupsevenlleida.com\/ca\/talent-i-emprenedoria-local-es-donen-la-ma-al-pitchcheers-a-locowork-amb-la-participacio-de-grup-seven\/#primaryimage\",\"url\":\"https:\/\/grupsevenlleida.com\/wp-content\/uploads\/2025\/06\/Grup-Seven-Lleida-curs-Empren-amb-exit-Link-Up.png\",\"contentUrl\":\"https:\/\/grupsevenlleida.com\/wp-content\/uploads\/2025\/06\/Grup-Seven-Lleida-curs-Empren-amb-exit-Link-Up.png\",\"width\":501,\"height\":665},{\"@type\":\"BreadcrumbList\",\"@id\":\"https:\/\/grupsevenlleida.com\/ca\/talent-i-emprenedoria-local-es-donen-la-ma-al-pitchcheers-a-locowork-amb-la-participacio-de-grup-seven\/#breadcrumb\",\"itemListElement\":[{\"@type\":\"ListItem\",\"position\":1,\"name\":\"Home\",\"item\":\"https:\/\/grupsevenlleida.com\/ca\/\"},{\"@type\":\"ListItem\",\"position\":2,\"name\":\"Talent i emprenedoria local es donen la m\u00e0 al Pitch&#038;Cheers a LoCowork amb la participaci\u00f3 de Grup Seven\"}]},{\"@type\":\"WebSite\",\"@id\":\"https:\/\/grupsevenlleida.com\/#website\",\"url\":\"https:\/\/grupsevenlleida.com\/\",\"name\":\"Grup Seven\",\"description\":\"Seguretat privada a Lleida\",\"potentialAction\":[{\"@type\":\"SearchAction\",\"target\":{\"@type\":\"EntryPoint\",\"urlTemplate\":\"https:\/\/grupsevenlleida.com\/?s={search_term_string}\"},\"query-input\":{\"@type\":\"PropertyValueSpecification\",\"valueRequired\":true,\"valueName\":\"search_term_string\"}}],\"inLanguage\":\"ca\"},{\"@type\":\"Person\",\"@id\":\"https:\/\/grupsevenlleida.com\/#\/schema\/person\/357e8123ef13664579270ffb1bd12374\",\"name\":\"admin\",\"image\":{\"@type\":\"ImageObject\",\"inLanguage\":\"ca\",\"@id\":\"https:\/\/grupsevenlleida.com\/#\/schema\/person\/image\/\",\"url\":\"https:\/\/secure.gravatar.com\/avatar\/3d8771e958295f415804336505f0c6faebfe16c066754f8f90e0b5a1023ffc77?s=96&d=mm&r=g\",\"contentUrl\":\"https:\/\/secure.gravatar.com\/avatar\/3d8771e958295f415804336505f0c6faebfe16c066754f8f90e0b5a1023ffc77?s=96&d=mm&r=g\",\"caption\":\"admin\"},\"sameAs\":[\"https:\/\/grupsevenlleida.com\"],\"url\":\"https:\/\/grupsevenlleida.com\/ca\/author\/jordi_6572h63p\/\"}]}<\/script>\n<!-- \/ Yoast SEO plugin. -->","yoast_head_json":{"title":"Talent i emprenedoria local es donen la m\u00e0 al Pitch&Cheers a LoCowork amb la participaci\u00f3 de Grup Seven - Grup Seven","description":"Talent i emprenedoria local es donen la m\u00e0 al Pitch&Cheers a LoCowork amb la participaci\u00f3 de Grup Seven","robots":{"index":"index","follow":"follow","max-snippet":"max-snippet:-1","max-image-preview":"max-image-preview:large","max-video-preview":"max-video-preview:-1"},"canonical":"https:\/\/grupsevenlleida.com\/ca\/talent-i-emprenedoria-local-es-donen-la-ma-al-pitchcheers-a-locowork-amb-la-participacio-de-grup-seven\/","og_locale":"ca_ES","og_type":"article","og_title":"Talent i emprenedoria local es donen la m\u00e0 al Pitch&Cheers a LoCowork amb la participaci\u00f3 de Grup Seven - Grup Seven","og_description":"Talent i emprenedoria local es donen la m\u00e0 al Pitch&Cheers a LoCowork amb la participaci\u00f3 de Grup Seven","og_url":"https:\/\/grupsevenlleida.com\/ca\/talent-i-emprenedoria-local-es-donen-la-ma-al-pitchcheers-a-locowork-amb-la-participacio-de-grup-seven\/","og_site_name":"Grup Seven","article_published_time":"2025-07-25T09:44:19+00:00","article_modified_time":"2025-07-25T09:45:50+00:00","og_image":[{"width":501,"height":665,"url":"https:\/\/grupsevenlleida.com\/wp-content\/uploads\/2025\/06\/Grup-Seven-Lleida-curs-Empren-amb-exit-Link-Up.png","type":"image\/png"}],"author":"admin","twitter_card":"summary_large_image","twitter_misc":{"Escrit per":"admin","Temps estimat de lectura":"5 minuts"},"schema":{"@context":"https:\/\/schema.org","@graph":[{"@type":"WebPage","@id":"https:\/\/grupsevenlleida.com\/ca\/talent-i-emprenedoria-local-es-donen-la-ma-al-pitchcheers-a-locowork-amb-la-participacio-de-grup-seven\/","url":"https:\/\/grupsevenlleida.com\/ca\/talent-i-emprenedoria-local-es-donen-la-ma-al-pitchcheers-a-locowork-amb-la-participacio-de-grup-seven\/","name":"Talent i emprenedoria local es donen la m\u00e0 al Pitch&Cheers a LoCowork amb la participaci\u00f3 de Grup Seven - Grup Seven","isPartOf":{"@id":"https:\/\/grupsevenlleida.com\/#website"},"primaryImageOfPage":{"@id":"https:\/\/grupsevenlleida.com\/ca\/talent-i-emprenedoria-local-es-donen-la-ma-al-pitchcheers-a-locowork-amb-la-participacio-de-grup-seven\/#primaryimage"},"image":{"@id":"https:\/\/grupsevenlleida.com\/ca\/talent-i-emprenedoria-local-es-donen-la-ma-al-pitchcheers-a-locowork-amb-la-participacio-de-grup-seven\/#primaryimage"},"thumbnailUrl":"https:\/\/grupsevenlleida.com\/wp-content\/uploads\/2025\/06\/Grup-Seven-Lleida-curs-Empren-amb-exit-Link-Up.png","datePublished":"2025-07-25T09:44:19+00:00","dateModified":"2025-07-25T09:45:50+00:00","author":{"@id":"https:\/\/grupsevenlleida.com\/#\/schema\/person\/357e8123ef13664579270ffb1bd12374"},"description":"Talent i emprenedoria local es donen la m\u00e0 al Pitch&Cheers a LoCowork amb la participaci\u00f3 de Grup Seven","breadcrumb":{"@id":"https:\/\/grupsevenlleida.com\/ca\/talent-i-emprenedoria-local-es-donen-la-ma-al-pitchcheers-a-locowork-amb-la-participacio-de-grup-seven\/#breadcrumb"},"inLanguage":"ca","potentialAction":[{"@type":"ReadAction","target":["https:\/\/grupsevenlleida.com\/ca\/talent-i-emprenedoria-local-es-donen-la-ma-al-pitchcheers-a-locowork-amb-la-participacio-de-grup-seven\/"]}]},{"@type":"ImageObject","inLanguage":"ca","@id":"https:\/\/grupsevenlleida.com\/ca\/talent-i-emprenedoria-local-es-donen-la-ma-al-pitchcheers-a-locowork-amb-la-participacio-de-grup-seven\/#primaryimage","url":"https:\/\/grupsevenlleida.com\/wp-content\/uploads\/2025\/06\/Grup-Seven-Lleida-curs-Empren-amb-exit-Link-Up.png","contentUrl":"https:\/\/grupsevenlleida.com\/wp-content\/uploads\/2025\/06\/Grup-Seven-Lleida-curs-Empren-amb-exit-Link-Up.png","width":501,"height":665},{"@type":"BreadcrumbList","@id":"https:\/\/grupsevenlleida.com\/ca\/talent-i-emprenedoria-local-es-donen-la-ma-al-pitchcheers-a-locowork-amb-la-participacio-de-grup-seven\/#breadcrumb","itemListElement":[{"@type":"ListItem","position":1,"name":"Home","item":"https:\/\/grupsevenlleida.com\/ca\/"},{"@type":"ListItem","position":2,"name":"Talent i emprenedoria local es donen la m\u00e0 al Pitch&#038;Cheers a LoCowork amb la participaci\u00f3 de Grup Seven"}]},{"@type":"WebSite","@id":"https:\/\/grupsevenlleida.com\/#website","url":"https:\/\/grupsevenlleida.com\/","name":"Grup Seven","description":"Seguretat privada a Lleida","potentialAction":[{"@type":"SearchAction","target":{"@type":"EntryPoint","urlTemplate":"https:\/\/grupsevenlleida.com\/?s={search_term_string}"},"query-input":{"@type":"PropertyValueSpecification","valueRequired":true,"valueName":"search_term_string"}}],"inLanguage":"ca"},{"@type":"Person","@id":"https:\/\/grupsevenlleida.com\/#\/schema\/person\/357e8123ef13664579270ffb1bd12374","name":"admin","image":{"@type":"ImageObject","inLanguage":"ca","@id":"https:\/\/grupsevenlleida.com\/#\/schema\/person\/image\/","url":"https:\/\/secure.gravatar.com\/avatar\/3d8771e958295f415804336505f0c6faebfe16c066754f8f90e0b5a1023ffc77?s=96&d=mm&r=g","contentUrl":"https:\/\/secure.gravatar.com\/avatar\/3d8771e958295f415804336505f0c6faebfe16c066754f8f90e0b5a1023ffc77?s=96&d=mm&r=g","caption":"admin"},"sameAs":["https:\/\/grupsevenlleida.com"],"url":"https:\/\/grupsevenlleida.com\/ca\/author\/jordi_6572h63p\/"}]}},"_links":{"self":[{"href":"https:\/\/grupsevenlleida.com\/ca\/wp-json\/wp\/v2\/posts\/5322","targetHints":{"allow":["GET"]}}],"collection":[{"href":"https:\/\/grupsevenlleida.com\/ca\/wp-json\/wp\/v2\/posts"}],"about":[{"href":"https:\/\/grupsevenlleida.com\/ca\/wp-json\/wp\/v2\/types\/post"}],"author":[{"embeddable":true,"href":"https:\/\/grupsevenlleida.com\/ca\/wp-json\/wp\/v2\/users\/1"}],"replies":[{"embeddable":true,"href":"https:\/\/grupsevenlleida.com\/ca\/wp-json\/wp\/v2\/comments?post=5322"}],"version-history":[{"count":2,"href":"https:\/\/grupsevenlleida.com\/ca\/wp-json\/wp\/v2\/posts\/5322\/revisions"}],"predecessor-version":[{"id":5326,"href":"https:\/\/grupsevenlleida.com\/ca\/wp-json\/wp\/v2\/posts\/5322\/revisions\/5326"}],"wp:featuredmedia":[{"embeddable":true,"href":"https:\/\/grupsevenlleida.com\/ca\/wp-json\/wp\/v2\/media\/5320"}],"wp:attachment":[{"href":"https:\/\/grupsevenlleida.com\/ca\/wp-json\/wp\/v2\/media?parent=5322"}],"wp:term":[{"taxonomy":"category","embeddable":true,"href":"https:\/\/grupsevenlleida.com\/ca\/wp-json\/wp\/v2\/categories?post=5322"},{"taxonomy":"post_tag","embeddable":true,"href":"https:\/\/grupsevenlleida.com\/ca\/wp-json\/wp\/v2\/tags?post=5322"}],"curies":[{"name":"wp","href":"https:\/\/api.w.org\/{rel}","templated":true}]}}