{"id":5371,"date":"2025-09-30T20:54:09","date_gmt":"2025-09-30T18:54:09","guid":{"rendered":"https:\/\/grupsevenlleida.com\/?p=5371"},"modified":"2025-10-14T09:57:49","modified_gmt":"2025-10-14T07:57:49","slug":"calma-civisme-i-celebracio-el-balanc-positiu-de-la-festa-major-de-la-tardor-a-lleida","status":"publish","type":"post","link":"https:\/\/grupsevenlleida.com\/ca\/calma-civisme-i-celebracio-el-balanc-positiu-de-la-festa-major-de-la-tardor-a-lleida\/","title":{"rendered":"Calma, civisme i celebraci\u00f3: el balan\u00e7 positiu de la Festa Major de la Tardor a Lleida"},"content":{"rendered":"<div class=\"fusion-fullwidth fullwidth-box fusion-builder-row-1 fusion-flex-container has-pattern-background has-mask-background nonhundred-percent-fullwidth non-hundred-percent-height-scrolling\" style=\"background-color: rgba(255,255,255,0);background-position: center center;background-repeat: no-repeat;border-width: 0px 0px 0px 0px;border-color:var(--awb-color3);border-style:solid;\" ><div class=\"fusion-builder-row fusion-row fusion-flex-align-items-flex-start\" style=\"max-width:calc( 1200px + 0px );margin-left: calc(-0px \/ 2 );margin-right: calc(-0px \/ 2 );\"><div class=\"fusion-layout-column fusion_builder_column fusion-builder-column-0 fusion_builder_column_5_6 5_6 fusion-flex-column fusion-animated\" data-animationType=\"fadeIn\" data-animationDuration=\"1.0\" data-animationOffset=\"top-into-view\"><div class=\"fusion-column-wrapper fusion-flex-justify-content-flex-start fusion-content-layout-column\" style=\"background-position:left top;background-repeat:no-repeat;-webkit-background-size:cover;-moz-background-size:cover;-o-background-size:cover;background-size:cover;padding: 0px 0px 0px 0px;\"><div class=\"fusion-text fusion-text-1 fusion-text-no-margin\" style=\"text-align:left;\"><h5>Grup Seven destaca el comportament exemplar de la ciutadania i la col\u00b7laboraci\u00f3 efectiva amb els diferents cossos de seguretat, Protecci\u00f3 Civil, Punt Lila Rainbow i serveis sanitaris durant unes festes de tardor de Lleida marcades per l\u2019alegria i la seguretat.<\/h5>\n<p>Les Festes de la Tardor de Lleida 2025 han estat tot un \u00e8xit, i des de Grup Seven no podem fer altra cosa que expressar la nostra satisfacci\u00f3. Aquest llarg cap de setmana festiu s\u2019ha desenvolupat en un clima de civisme, respecte i conviv\u00e8ncia, on l\u2019ambient familiar i alegre ha estat el gran protagonista als carrers de la ciutat.<\/p>\n<p>Des de la nostra experi\u00e8ncia com a empresa especialitzada en seguretat privada i serveis auxiliars, hem desplegat un dispositiu integral en estreta col\u00b7laboraci\u00f3 amb la Gu\u00e0rdia Urbana de Lleida, Mossos d\u2019Esquadra, Protecci\u00f3 Civil, Punt Lila Rainbow i serveis sanitaris. Una xarxa coordinada i compromesa amb la seguretat i el benestar de totes les persones assistents als diferents actes programats.<\/p>\n<p>Els nostres professionals han estat presents als nombrosos actes, vetllant per un desenvolupament tranquil, controlat i respectu\u00f3s. El resultat? Un balan\u00e7 altament positiu: cap incident remarcable, una gran aflu\u00e8ncia de p\u00fablic i, sobretot, un alt grau de col\u00b7laboraci\u00f3 ciutadana.<\/p>\n<p>Volem agrair molt sincerament la tasca impecable de tot el nostre equip de vigilants, controladors i auxiliars, aix\u00ed com la confian\u00e7a dipositada per part de l\u2019Ajuntament de Lleida i els diferents col\u00b7lectius implicats. Tamb\u00e9 volem destacar el comprom\u00eds ferm amb el civisme per part de la ciutadania.<\/p>\n<p>Aquesta Festa Major ha estat, sens dubte, un exemple de com el treball conjunt i coordinat pot generar espais d\u2019oci segurs, agradables i inclusius. Continuarem treballant amb el mateix rigor i const\u00e0ncia per seguir oferint serveis de seguretat que estiguin a l\u2019altura del que mereix Lleida.<\/p>\n<h2><a href=\"https:\/\/grupsevenlleida.com\/ca\/#seven\">Grup Seven, la seguretat privada al servei de les persones<\/a><\/h2>\n<\/div><\/div><style type=\"text\/css\">.fusion-body .fusion-builder-column-0{width:83.333333333333% !important;margin-top : 0px;margin-bottom : 80px;}.fusion-builder-column-0 > .fusion-column-wrapper {padding-top : 0px !important;padding-right : 0px !important;margin-right : 0px;padding-bottom : 0px !important;padding-left : 0px !important;margin-left : 0px;}@media only screen and (max-width:1024px) {.fusion-body .fusion-builder-column-0{width:83.333333333333% !important;order : 0;margin-bottom : 70px;}.fusion-builder-column-0 > .fusion-column-wrapper {margin-right : 0px;margin-left : 0px;}}@media only screen and (max-width:640px) {.fusion-body .fusion-builder-column-0{width:100% !important;order : 0;margin-bottom : 50px;}.fusion-builder-column-0 > .fusion-column-wrapper {margin-right : 0px;margin-left : 0px;}}<\/style><\/div><div class=\"fusion-layout-column fusion_builder_column fusion-builder-column-1 fusion_builder_column_1_1 1_1 fusion-flex-column\"><div class=\"fusion-column-wrapper fusion-flex-justify-content-flex-start fusion-content-layout-column\" style=\"background-position:center center;background-blend-mode: multiply;background-repeat:no-repeat;-webkit-background-size:cover;-moz-background-size:cover;-o-background-size:cover;background-size:cover;background-color:var(--awb-color1);padding: 0px 0px 0px 0px;\"><style type=\"text\/css\">.fusion-gallery-1 .fusion-gallery-image {border:0px solid var(--awb-color3);}.fusion-gallery.fusion-gallery-1 .fusion-gallery-image img{aspect-ratio:1 \/ 1;}<\/style><div class=\"awb-gallery-wrapper awb-gallery-wrapper-1 button-span-no\" style=\"--more-btn-alignment:center;\"><div class=\"fusion-gallery fusion-gallery-container fusion-grid-3 fusion-columns-total-0 fusion-gallery-layout-grid fusion-gallery-1 has-aspect-ratio\" style=\"margin:-5px;\"><\/div><\/div><\/div><style type=\"text\/css\">.fusion-body .fusion-builder-column-1{width:100% !important;margin-top : 0px;margin-bottom : 20px;}.fusion-builder-column-1 > .fusion-column-wrapper {padding-top : 0px !important;padding-right : 0px !important;margin-right : 10px;padding-bottom : 0px !important;padding-left : 0px !important;margin-left : 10px;}@media only screen and (max-width:1024px) {.fusion-body .fusion-builder-column-1{width:100% !important;order : 0;}.fusion-builder-column-1 > .fusion-column-wrapper {margin-right : 10px;margin-left : 10px;}}@media only screen and (max-width:640px) {.fusion-body .fusion-builder-column-1{width:100% !important;order : 0;}.fusion-builder-column-1 > .fusion-column-wrapper {margin-right : 0px;margin-left : 0px;}}<\/style><\/div><div class=\"fusion-layout-column fusion_builder_column fusion-builder-column-2 fusion_builder_column_1_1 1_1 fusion-flex-column\"><div class=\"fusion-column-wrapper fusion-flex-justify-content-flex-start fusion-content-layout-column\" style=\"background-image: url(&#039;https:\/\/grupsevenlleida.com\/wp-content\/uploads\/2025\/09\/Grup-Seven-seguridad-privada-al-servicio-de-las-personas.png&#039;);background-position:center center;background-blend-mode: multiply;background-repeat:no-repeat;-webkit-background-size:cover;-moz-background-size:cover;-o-background-size:cover;background-size:cover;background-color:var(--awb-color6);padding: 0px 0px 0px 0px;\" data-bg-url=\"https:\/\/grupsevenlleida.com\/wp-content\/uploads\/2025\/09\/Grup-Seven-seguridad-privada-al-servicio-de-las-personas.png\"><style type=\"text\/css\">.fusion-gallery-2 .fusion-gallery-image {border:0px solid var(--awb-color3);}.fusion-gallery.fusion-gallery-2 .fusion-gallery-image img{aspect-ratio:1 \/ 1;}<\/style><div class=\"awb-gallery-wrapper awb-gallery-wrapper-2 button-span-no\" style=\"--more-btn-alignment:center;\"><div class=\"fusion-gallery fusion-gallery-container fusion-grid-3 fusion-columns-total-0 fusion-gallery-layout-grid fusion-gallery-2 has-aspect-ratio\" style=\"margin:-5px;\"><\/div><\/div><\/div><style type=\"text\/css\">.fusion-body .fusion-builder-column-2{width:100% !important;margin-top : 0px;margin-bottom : 20px;}.fusion-builder-column-2 > .fusion-column-wrapper {padding-top : 0px !important;padding-right : 0px !important;margin-right : 10px;padding-bottom : 0px !important;padding-left : 0px !important;margin-left : 10px;}@media only screen and (max-width:1024px) {.fusion-body .fusion-builder-column-2{width:100% !important;order : 0;}.fusion-builder-column-2 > .fusion-column-wrapper {margin-right : 10px;margin-left : 10px;}}@media only screen and (max-width:640px) {.fusion-body .fusion-builder-column-2{width:100% !important;order : 0;}.fusion-builder-column-2 > .fusion-column-wrapper {margin-right : 0px;margin-left : 0px;}}<\/style><\/div><\/div><style type=\"text\/css\">.fusion-body .fusion-flex-container.fusion-builder-row-1{ padding-top : 0px;margin-top : 0px;padding-right : 0px;padding-bottom : 0px;margin-bottom : 0px;padding-left : 0px;}<\/style><\/div>\n","protected":false},"excerpt":{"rendered":"<p>Vestibulum ante ipsum primis in faucibus orci luctus et ultrices posuere.<\/p>\n","protected":false},"author":1,"featured_media":5374,"comment_status":"closed","ping_status":"closed","sticky":false,"template":"","format":"standard","meta":{"footnotes":""},"categories":[70],"tags":[309,73,74,113,76,77,78,310,312,308],"class_list":["post-5371","post","type-post","status-publish","format-standard","has-post-thumbnail","hentry","category-noticia-ca","tag-auxiliars-de-servei","tag-grup-seven-ca","tag-lleida-ca","tag-seguretat-privada-lleida-ca","tag-seguridad-privada-ca","tag-seven-ponent-ca","tag-seven-seguretat-ca","tag-vigilancia-canina","tag-vigilancia-de-seguretat-amb-gos","tag-vigilants-seguretat"],"yoast_head":"<!-- This site is optimized with the Yoast SEO plugin v26.1.1 - https:\/\/yoast.com\/wordpress\/plugins\/seo\/ -->\n<title>Calma, civisme i celebraci\u00f3: el balan\u00e7 positiu de la Festa Major de la Tardor a Lleida - Grup Seven<\/title>\n<meta name=\"description\" content=\"Grup Seven valora molt positivament el comportament ciutad\u00e0 en el decurs de les Festes de Tardor i l&#039;efectivitat dels dispositius de seguretat\" \/>\n<meta name=\"robots\" content=\"index, follow, max-snippet:-1, max-image-preview:large, max-video-preview:-1\" \/>\n<link rel=\"canonical\" href=\"https:\/\/grupsevenlleida.com\/ca\/calma-civisme-i-celebracio-el-balanc-positiu-de-la-festa-major-de-la-tardor-a-lleida\/\" \/>\n<meta property=\"og:locale\" content=\"ca_ES\" \/>\n<meta property=\"og:type\" content=\"article\" \/>\n<meta property=\"og:title\" content=\"Calma, civisme i celebraci\u00f3: el balan\u00e7 positiu de la Festa Major de la Tardor a Lleida - Grup Seven\" \/>\n<meta property=\"og:description\" content=\"Grup Seven valora molt positivament el comportament ciutad\u00e0 en el decurs de les Festes de Tardor i l&#039;efectivitat dels dispositius de seguretat\" \/>\n<meta property=\"og:url\" content=\"https:\/\/grupsevenlleida.com\/ca\/calma-civisme-i-celebracio-el-balanc-positiu-de-la-festa-major-de-la-tardor-a-lleida\/\" \/>\n<meta property=\"og:site_name\" content=\"Grup Seven\" \/>\n<meta property=\"article:published_time\" content=\"2025-09-30T18:54:09+00:00\" \/>\n<meta property=\"article:modified_time\" content=\"2025-10-14T07:57:49+00:00\" \/>\n<meta property=\"og:image\" content=\"https:\/\/grupsevenlleida.com\/wp-content\/uploads\/2025\/09\/Grup-Seven-seguridad-privada-al-servicio-de-las-personas.png\" \/>\n\t<meta property=\"og:image:width\" content=\"618\" \/>\n\t<meta property=\"og:image:height\" content=\"825\" \/>\n\t<meta property=\"og:image:type\" content=\"image\/png\" \/>\n<meta name=\"author\" content=\"admin\" \/>\n<meta name=\"twitter:card\" content=\"summary_large_image\" \/>\n<meta name=\"twitter:label1\" content=\"Escrit per\" \/>\n\t<meta name=\"twitter:data1\" content=\"admin\" \/>\n\t<meta name=\"twitter:label2\" content=\"Temps estimat de lectura\" \/>\n\t<meta name=\"twitter:data2\" content=\"5 minuts\" \/>\n<script type=\"application\/ld+json\" class=\"yoast-schema-graph\">{\"@context\":\"https:\/\/schema.org\",\"@graph\":[{\"@type\":\"WebPage\",\"@id\":\"https:\/\/grupsevenlleida.com\/ca\/calma-civisme-i-celebracio-el-balanc-positiu-de-la-festa-major-de-la-tardor-a-lleida\/\",\"url\":\"https:\/\/grupsevenlleida.com\/ca\/calma-civisme-i-celebracio-el-balanc-positiu-de-la-festa-major-de-la-tardor-a-lleida\/\",\"name\":\"Calma, civisme i celebraci\u00f3: el balan\u00e7 positiu de la Festa Major de la Tardor a Lleida - Grup Seven\",\"isPartOf\":{\"@id\":\"https:\/\/grupsevenlleida.com\/#website\"},\"primaryImageOfPage\":{\"@id\":\"https:\/\/grupsevenlleida.com\/ca\/calma-civisme-i-celebracio-el-balanc-positiu-de-la-festa-major-de-la-tardor-a-lleida\/#primaryimage\"},\"image\":{\"@id\":\"https:\/\/grupsevenlleida.com\/ca\/calma-civisme-i-celebracio-el-balanc-positiu-de-la-festa-major-de-la-tardor-a-lleida\/#primaryimage\"},\"thumbnailUrl\":\"https:\/\/grupsevenlleida.com\/wp-content\/uploads\/2025\/09\/Grup-Seven-seguridad-privada-al-servicio-de-las-personas.png\",\"datePublished\":\"2025-09-30T18:54:09+00:00\",\"dateModified\":\"2025-10-14T07:57:49+00:00\",\"author\":{\"@id\":\"https:\/\/grupsevenlleida.com\/#\/schema\/person\/357e8123ef13664579270ffb1bd12374\"},\"description\":\"Grup Seven valora molt positivament el comportament ciutad\u00e0 en el decurs de les Festes de Tardor i l'efectivitat dels dispositius de seguretat\",\"breadcrumb\":{\"@id\":\"https:\/\/grupsevenlleida.com\/ca\/calma-civisme-i-celebracio-el-balanc-positiu-de-la-festa-major-de-la-tardor-a-lleida\/#breadcrumb\"},\"inLanguage\":\"ca\",\"potentialAction\":[{\"@type\":\"ReadAction\",\"target\":[\"https:\/\/grupsevenlleida.com\/ca\/calma-civisme-i-celebracio-el-balanc-positiu-de-la-festa-major-de-la-tardor-a-lleida\/\"]}]},{\"@type\":\"ImageObject\",\"inLanguage\":\"ca\",\"@id\":\"https:\/\/grupsevenlleida.com\/ca\/calma-civisme-i-celebracio-el-balanc-positiu-de-la-festa-major-de-la-tardor-a-lleida\/#primaryimage\",\"url\":\"https:\/\/grupsevenlleida.com\/wp-content\/uploads\/2025\/09\/Grup-Seven-seguridad-privada-al-servicio-de-las-personas.png\",\"contentUrl\":\"https:\/\/grupsevenlleida.com\/wp-content\/uploads\/2025\/09\/Grup-Seven-seguridad-privada-al-servicio-de-las-personas.png\",\"width\":618,\"height\":825},{\"@type\":\"BreadcrumbList\",\"@id\":\"https:\/\/grupsevenlleida.com\/ca\/calma-civisme-i-celebracio-el-balanc-positiu-de-la-festa-major-de-la-tardor-a-lleida\/#breadcrumb\",\"itemListElement\":[{\"@type\":\"ListItem\",\"position\":1,\"name\":\"Home\",\"item\":\"https:\/\/grupsevenlleida.com\/ca\/\"},{\"@type\":\"ListItem\",\"position\":2,\"name\":\"Calma, civisme i celebraci\u00f3: el balan\u00e7 positiu de la Festa Major de la Tardor a Lleida\"}]},{\"@type\":\"WebSite\",\"@id\":\"https:\/\/grupsevenlleida.com\/#website\",\"url\":\"https:\/\/grupsevenlleida.com\/\",\"name\":\"Grup Seven\",\"description\":\"Seguretat privada a Lleida\",\"potentialAction\":[{\"@type\":\"SearchAction\",\"target\":{\"@type\":\"EntryPoint\",\"urlTemplate\":\"https:\/\/grupsevenlleida.com\/?s={search_term_string}\"},\"query-input\":{\"@type\":\"PropertyValueSpecification\",\"valueRequired\":true,\"valueName\":\"search_term_string\"}}],\"inLanguage\":\"ca\"},{\"@type\":\"Person\",\"@id\":\"https:\/\/grupsevenlleida.com\/#\/schema\/person\/357e8123ef13664579270ffb1bd12374\",\"name\":\"admin\",\"image\":{\"@type\":\"ImageObject\",\"inLanguage\":\"ca\",\"@id\":\"https:\/\/grupsevenlleida.com\/#\/schema\/person\/image\/\",\"url\":\"https:\/\/secure.gravatar.com\/avatar\/3d8771e958295f415804336505f0c6faebfe16c066754f8f90e0b5a1023ffc77?s=96&d=mm&r=g\",\"contentUrl\":\"https:\/\/secure.gravatar.com\/avatar\/3d8771e958295f415804336505f0c6faebfe16c066754f8f90e0b5a1023ffc77?s=96&d=mm&r=g\",\"caption\":\"admin\"},\"sameAs\":[\"https:\/\/grupsevenlleida.com\"],\"url\":\"https:\/\/grupsevenlleida.com\/ca\/author\/jordi_6572h63p\/\"}]}<\/script>\n<!-- \/ Yoast SEO plugin. -->","yoast_head_json":{"title":"Calma, civisme i celebraci\u00f3: el balan\u00e7 positiu de la Festa Major de la Tardor a Lleida - Grup Seven","description":"Grup Seven valora molt positivament el comportament ciutad\u00e0 en el decurs de les Festes de Tardor i l'efectivitat dels dispositius de seguretat","robots":{"index":"index","follow":"follow","max-snippet":"max-snippet:-1","max-image-preview":"max-image-preview:large","max-video-preview":"max-video-preview:-1"},"canonical":"https:\/\/grupsevenlleida.com\/ca\/calma-civisme-i-celebracio-el-balanc-positiu-de-la-festa-major-de-la-tardor-a-lleida\/","og_locale":"ca_ES","og_type":"article","og_title":"Calma, civisme i celebraci\u00f3: el balan\u00e7 positiu de la Festa Major de la Tardor a Lleida - Grup Seven","og_description":"Grup Seven valora molt positivament el comportament ciutad\u00e0 en el decurs de les Festes de Tardor i l'efectivitat dels dispositius de seguretat","og_url":"https:\/\/grupsevenlleida.com\/ca\/calma-civisme-i-celebracio-el-balanc-positiu-de-la-festa-major-de-la-tardor-a-lleida\/","og_site_name":"Grup Seven","article_published_time":"2025-09-30T18:54:09+00:00","article_modified_time":"2025-10-14T07:57:49+00:00","og_image":[{"width":618,"height":825,"url":"https:\/\/grupsevenlleida.com\/wp-content\/uploads\/2025\/09\/Grup-Seven-seguridad-privada-al-servicio-de-las-personas.png","type":"image\/png"}],"author":"admin","twitter_card":"summary_large_image","twitter_misc":{"Escrit per":"admin","Temps estimat de lectura":"5 minuts"},"schema":{"@context":"https:\/\/schema.org","@graph":[{"@type":"WebPage","@id":"https:\/\/grupsevenlleida.com\/ca\/calma-civisme-i-celebracio-el-balanc-positiu-de-la-festa-major-de-la-tardor-a-lleida\/","url":"https:\/\/grupsevenlleida.com\/ca\/calma-civisme-i-celebracio-el-balanc-positiu-de-la-festa-major-de-la-tardor-a-lleida\/","name":"Calma, civisme i celebraci\u00f3: el balan\u00e7 positiu de la Festa Major de la Tardor a Lleida - Grup Seven","isPartOf":{"@id":"https:\/\/grupsevenlleida.com\/#website"},"primaryImageOfPage":{"@id":"https:\/\/grupsevenlleida.com\/ca\/calma-civisme-i-celebracio-el-balanc-positiu-de-la-festa-major-de-la-tardor-a-lleida\/#primaryimage"},"image":{"@id":"https:\/\/grupsevenlleida.com\/ca\/calma-civisme-i-celebracio-el-balanc-positiu-de-la-festa-major-de-la-tardor-a-lleida\/#primaryimage"},"thumbnailUrl":"https:\/\/grupsevenlleida.com\/wp-content\/uploads\/2025\/09\/Grup-Seven-seguridad-privada-al-servicio-de-las-personas.png","datePublished":"2025-09-30T18:54:09+00:00","dateModified":"2025-10-14T07:57:49+00:00","author":{"@id":"https:\/\/grupsevenlleida.com\/#\/schema\/person\/357e8123ef13664579270ffb1bd12374"},"description":"Grup Seven valora molt positivament el comportament ciutad\u00e0 en el decurs de les Festes de Tardor i l'efectivitat dels dispositius de seguretat","breadcrumb":{"@id":"https:\/\/grupsevenlleida.com\/ca\/calma-civisme-i-celebracio-el-balanc-positiu-de-la-festa-major-de-la-tardor-a-lleida\/#breadcrumb"},"inLanguage":"ca","potentialAction":[{"@type":"ReadAction","target":["https:\/\/grupsevenlleida.com\/ca\/calma-civisme-i-celebracio-el-balanc-positiu-de-la-festa-major-de-la-tardor-a-lleida\/"]}]},{"@type":"ImageObject","inLanguage":"ca","@id":"https:\/\/grupsevenlleida.com\/ca\/calma-civisme-i-celebracio-el-balanc-positiu-de-la-festa-major-de-la-tardor-a-lleida\/#primaryimage","url":"https:\/\/grupsevenlleida.com\/wp-content\/uploads\/2025\/09\/Grup-Seven-seguridad-privada-al-servicio-de-las-personas.png","contentUrl":"https:\/\/grupsevenlleida.com\/wp-content\/uploads\/2025\/09\/Grup-Seven-seguridad-privada-al-servicio-de-las-personas.png","width":618,"height":825},{"@type":"BreadcrumbList","@id":"https:\/\/grupsevenlleida.com\/ca\/calma-civisme-i-celebracio-el-balanc-positiu-de-la-festa-major-de-la-tardor-a-lleida\/#breadcrumb","itemListElement":[{"@type":"ListItem","position":1,"name":"Home","item":"https:\/\/grupsevenlleida.com\/ca\/"},{"@type":"ListItem","position":2,"name":"Calma, civisme i celebraci\u00f3: el balan\u00e7 positiu de la Festa Major de la Tardor a Lleida"}]},{"@type":"WebSite","@id":"https:\/\/grupsevenlleida.com\/#website","url":"https:\/\/grupsevenlleida.com\/","name":"Grup Seven","description":"Seguretat privada a Lleida","potentialAction":[{"@type":"SearchAction","target":{"@type":"EntryPoint","urlTemplate":"https:\/\/grupsevenlleida.com\/?s={search_term_string}"},"query-input":{"@type":"PropertyValueSpecification","valueRequired":true,"valueName":"search_term_string"}}],"inLanguage":"ca"},{"@type":"Person","@id":"https:\/\/grupsevenlleida.com\/#\/schema\/person\/357e8123ef13664579270ffb1bd12374","name":"admin","image":{"@type":"ImageObject","inLanguage":"ca","@id":"https:\/\/grupsevenlleida.com\/#\/schema\/person\/image\/","url":"https:\/\/secure.gravatar.com\/avatar\/3d8771e958295f415804336505f0c6faebfe16c066754f8f90e0b5a1023ffc77?s=96&d=mm&r=g","contentUrl":"https:\/\/secure.gravatar.com\/avatar\/3d8771e958295f415804336505f0c6faebfe16c066754f8f90e0b5a1023ffc77?s=96&d=mm&r=g","caption":"admin"},"sameAs":["https:\/\/grupsevenlleida.com"],"url":"https:\/\/grupsevenlleida.com\/ca\/author\/jordi_6572h63p\/"}]}},"_links":{"self":[{"href":"https:\/\/grupsevenlleida.com\/ca\/wp-json\/wp\/v2\/posts\/5371","targetHints":{"allow":["GET"]}}],"collection":[{"href":"https:\/\/grupsevenlleida.com\/ca\/wp-json\/wp\/v2\/posts"}],"about":[{"href":"https:\/\/grupsevenlleida.com\/ca\/wp-json\/wp\/v2\/types\/post"}],"author":[{"embeddable":true,"href":"https:\/\/grupsevenlleida.com\/ca\/wp-json\/wp\/v2\/users\/1"}],"replies":[{"embeddable":true,"href":"https:\/\/grupsevenlleida.com\/ca\/wp-json\/wp\/v2\/comments?post=5371"}],"version-history":[{"count":3,"href":"https:\/\/grupsevenlleida.com\/ca\/wp-json\/wp\/v2\/posts\/5371\/revisions"}],"predecessor-version":[{"id":5378,"href":"https:\/\/grupsevenlleida.com\/ca\/wp-json\/wp\/v2\/posts\/5371\/revisions\/5378"}],"wp:featuredmedia":[{"embeddable":true,"href":"https:\/\/grupsevenlleida.com\/ca\/wp-json\/wp\/v2\/media\/5374"}],"wp:attachment":[{"href":"https:\/\/grupsevenlleida.com\/ca\/wp-json\/wp\/v2\/media?parent=5371"}],"wp:term":[{"taxonomy":"category","embeddable":true,"href":"https:\/\/grupsevenlleida.com\/ca\/wp-json\/wp\/v2\/categories?post=5371"},{"taxonomy":"post_tag","embeddable":true,"href":"https:\/\/grupsevenlleida.com\/ca\/wp-json\/wp\/v2\/tags?post=5371"}],"curies":[{"name":"wp","href":"https:\/\/api.w.org\/{rel}","templated":true}]}}