{"id":5425,"date":"2025-10-14T10:17:00","date_gmt":"2025-10-14T08:17:00","guid":{"rendered":"https:\/\/grupsevenlleida.com\/?p=5425"},"modified":"2025-10-14T10:21:31","modified_gmt":"2025-10-14T08:21:31","slug":"grup-seven-al-servei-de-la-seguretat-i-la-mobilitat-a-la-fira-challenge-de-laeroport-dalguaire-2","status":"publish","type":"post","link":"https:\/\/grupsevenlleida.com\/ca\/grup-seven-al-servei-de-la-seguretat-i-la-mobilitat-a-la-fira-challenge-de-laeroport-dalguaire-2\/","title":{"rendered":"Grup Seven, al servei de la seguretat i la mobilitat a la Fira Challenge de l\u2019Aeroport d\u2019Alguaire"},"content":{"rendered":"<div class=\"fusion-fullwidth fullwidth-box fusion-builder-row-1 fusion-flex-container has-pattern-background has-mask-background nonhundred-percent-fullwidth non-hundred-percent-height-scrolling\" style=\"background-color: rgba(255,255,255,0);background-position: center center;background-repeat: no-repeat;border-width: 0px 0px 0px 0px;border-color:var(--awb-color3);border-style:solid;\" ><div class=\"fusion-builder-row fusion-row fusion-flex-align-items-flex-start\" style=\"max-width:calc( 1200px + 0px );margin-left: calc(-0px \/ 2 );margin-right: calc(-0px \/ 2 );\"><div class=\"fusion-layout-column fusion_builder_column fusion-builder-column-0 fusion_builder_column_5_6 5_6 fusion-flex-column fusion-animated\" data-animationType=\"fadeIn\" data-animationDuration=\"1.0\" data-animationOffset=\"top-into-view\"><div class=\"fusion-column-wrapper fusion-flex-justify-content-flex-start fusion-content-layout-column\" style=\"background-position:left top;background-repeat:no-repeat;-webkit-background-size:cover;-moz-background-size:cover;-o-background-size:cover;background-size:cover;padding: 0px 0px 0px 0px;\"><div class=\"fusion-text fusion-text-1 fusion-text-no-margin\" style=\"text-align:left;\"><h5>La setmana passada, Grup Seven vam tenir l\u2019honor d\u2019assistir a dos actes institucionals d\u2019alt nivell. Una mostra m\u00e9s del nostre ferm comprom\u00eds amb la seguretat, la col\u00b7laboraci\u00f3 institucional i el respecte pels cossos i forces de seguretat de l\u2019Estat, Auton\u00f2mics i Locals.<\/h5>\n<p data-start=\"649\" data-end=\"1023\">El dimarts 7 d&#8217;octubre vam ser convidats pel Comissari Principal a l\u2019acte del <strong data-start=\"726\" data-end=\"766\">Dia del Patr\u00f3 de la Policia Nacional<\/strong>, celebrat a la Llotja de Lleida i presidit pel Subdelegat del Govern a Lleida, el Sr. Jos\u00e9 Cresp\u00edn G\u00f3mez. L\u2019acte va tenir un car\u00e0cter especial, ja que va coincidir amb l\u2019anunci de jubilaci\u00f3 del mateix comissari, un moment carregat d\u2019emoci\u00f3 i reconeixement.<\/p>\n<p data-start=\"1025\" data-end=\"1400\">D&#8217;altra banda, aquest diumenge 12 d&#8217;octubre vam tornar a estar presents, aquesta vegada a l\u2019<strong data-start=\"1096\" data-end=\"1154\">acuartelament de la Gu\u00e0rdia Civil al Sec\u00e0 de Sant Pere<\/strong>, amb motiu de la festivitat de la seva patrona, la <strong data-start=\"1206\" data-end=\"1225\">Verge del Pilar<\/strong>. Una jornada institucional plena de simbolisme, reconeixements i homenatges als agents caiguts, que va concloure amb un vi d\u2019honor compartit amb autoritats civils i militars.<\/p>\n<p data-start=\"1402\" data-end=\"1664\">Des de Grup Seven volem agrair <strong data-start=\"1433\" data-end=\"1461\">sincerament la invitaci\u00f3<\/strong> a ambd\u00f3s actes i reafirmar la nostra voluntat de continuar <strong data-start=\"1521\" data-end=\"1588\">col\u00b7laborant activament amb totes les institucions de seguretat<\/strong>, des de la lleialtat, la professionalitat i el comprom\u00eds amb la ciutadania.<\/p>\n<p data-start=\"1666\" data-end=\"1736\"><strong data-start=\"1669\" data-end=\"1736\">Grup Seven \u2013 Sempre al costat de la seguretat. Sempre presents.<\/strong><\/p>\n<h2><a href=\"https:\/\/grupsevenlleida.com\/ca\/#seven\">Grup Seven, la seguretat privada al servei de les persones<\/a><\/h2>\n<\/div><\/div><style type=\"text\/css\">.fusion-body .fusion-builder-column-0{width:83.333333333333% !important;margin-top : 0px;margin-bottom : 80px;}.fusion-builder-column-0 > .fusion-column-wrapper {padding-top : 0px !important;padding-right : 0px !important;margin-right : 0px;padding-bottom : 0px !important;padding-left : 0px !important;margin-left : 0px;}@media only screen and (max-width:1024px) {.fusion-body .fusion-builder-column-0{width:83.333333333333% !important;order : 0;margin-bottom : 70px;}.fusion-builder-column-0 > .fusion-column-wrapper {margin-right : 0px;margin-left : 0px;}}@media only screen and (max-width:640px) {.fusion-body .fusion-builder-column-0{width:100% !important;order : 0;margin-bottom : 50px;}.fusion-builder-column-0 > .fusion-column-wrapper {margin-right : 0px;margin-left : 0px;}}<\/style><\/div><div class=\"fusion-layout-column fusion_builder_column fusion-builder-column-1 fusion_builder_column_1_1 1_1 fusion-flex-column\"><div class=\"fusion-column-wrapper fusion-flex-justify-content-flex-start fusion-content-layout-column\" style=\"background-position:center center;background-blend-mode: multiply;background-repeat:no-repeat;-webkit-background-size:cover;-moz-background-size:cover;-o-background-size:cover;background-size:cover;background-color:var(--awb-color1);padding: 0px 0px 0px 0px;\"><style type=\"text\/css\">.fusion-gallery-1 .fusion-gallery-image {border:0px solid var(--awb-color3);}.fusion-gallery.fusion-gallery-1 .fusion-gallery-image img{aspect-ratio:1 \/ 1;}<\/style><div class=\"awb-gallery-wrapper awb-gallery-wrapper-1 button-span-no\" style=\"--more-btn-alignment:center;\"><div class=\"fusion-gallery fusion-gallery-container fusion-grid-3 fusion-columns-total-1 fusion-gallery-layout-grid fusion-gallery-1 has-aspect-ratio\" style=\"margin:-5px;\"><div style=\"padding:5px;\" class=\"fusion-grid-column fusion-gallery-column fusion-gallery-column-3 hover-type-none\"><div class=\"fusion-gallery-image\"><a href=\"https:\/\/grupsevenlleida.com\/wp-content\/uploads\/2025\/10\/Grup-Seven-celebracio-patrona-Guardia-Civil.png\" rel=\"noreferrer\" data-rel=\"iLightbox[gallery_image_1]\" class=\"fusion-lightbox\" target=\"_self\"><img decoding=\"async\" src=\"https:\/\/grupsevenlleida.com\/wp-content\/uploads\/2025\/10\/Grup-Seven-celebracio-patrona-Guardia-Civil-460x295.png\" width=\"460\" height=\"295\" alt=\"\" title=\"Grup Seven celebracio\u0301 patrona Guardia Civil\" aria-label=\"Grup Seven celebracio\u0301 patrona Guardia Civil\" class=\"img-responsive wp-image-5430 fusion-gallery-image-size-fixed\"  \/><\/a><\/div><\/div><\/div><\/div><\/div><style type=\"text\/css\">.fusion-body .fusion-builder-column-1{width:100% !important;margin-top : 0px;margin-bottom : 20px;}.fusion-builder-column-1 > .fusion-column-wrapper {padding-top : 0px !important;padding-right : 0px !important;margin-right : 10px;padding-bottom : 0px !important;padding-left : 0px !important;margin-left : 10px;}@media only screen and (max-width:1024px) {.fusion-body .fusion-builder-column-1{width:100% !important;order : 0;}.fusion-builder-column-1 > .fusion-column-wrapper {margin-right : 10px;margin-left : 10px;}}@media only screen and (max-width:640px) {.fusion-body .fusion-builder-column-1{width:100% !important;order : 0;}.fusion-builder-column-1 > .fusion-column-wrapper {margin-right : 0px;margin-left : 0px;}}<\/style><\/div><div class=\"fusion-layout-column fusion_builder_column fusion-builder-column-2 fusion_builder_column_1_1 1_1 fusion-flex-column\"><div class=\"fusion-column-wrapper fusion-flex-justify-content-flex-start fusion-content-layout-column\" style=\"background-image: url(&#039;https:\/\/grupsevenlleida.com\/wp-content\/uploads\/2025\/10\/Grup-Seven-Patro-Policia-Nacional.png&#039;);background-position:center center;background-blend-mode: multiply;background-repeat:no-repeat;-webkit-background-size:cover;-moz-background-size:cover;-o-background-size:cover;background-size:cover;background-color:var(--awb-color6);padding: 0px 0px 0px 0px;\" data-bg-url=\"https:\/\/grupsevenlleida.com\/wp-content\/uploads\/2025\/10\/Grup-Seven-Patro-Policia-Nacional.png\"><style type=\"text\/css\">.fusion-gallery-2 .fusion-gallery-image {border:0px solid var(--awb-color3);}.fusion-gallery.fusion-gallery-2 .fusion-gallery-image img{aspect-ratio:1 \/ 1;}<\/style><div class=\"awb-gallery-wrapper awb-gallery-wrapper-2 button-span-no\" style=\"--more-btn-alignment:center;\"><div class=\"fusion-gallery fusion-gallery-container fusion-grid-3 fusion-columns-total-0 fusion-gallery-layout-grid fusion-gallery-2 has-aspect-ratio\" style=\"margin:-5px;\"><\/div><\/div><\/div><style type=\"text\/css\">.fusion-body .fusion-builder-column-2{width:100% !important;margin-top : 0px;margin-bottom : 20px;}.fusion-builder-column-2 > .fusion-column-wrapper {padding-top : 0px !important;padding-right : 0px !important;margin-right : 10px;padding-bottom : 0px !important;padding-left : 0px !important;margin-left : 10px;}@media only screen and (max-width:1024px) {.fusion-body .fusion-builder-column-2{width:100% !important;order : 0;}.fusion-builder-column-2 > .fusion-column-wrapper {margin-right : 10px;margin-left : 10px;}}@media only screen and (max-width:640px) {.fusion-body .fusion-builder-column-2{width:100% !important;order : 0;}.fusion-builder-column-2 > .fusion-column-wrapper {margin-right : 0px;margin-left : 0px;}}<\/style><\/div><\/div><style type=\"text\/css\">.fusion-body .fusion-flex-container.fusion-builder-row-1{ padding-top : 0px;margin-top : 0px;padding-right : 0px;padding-bottom : 0px;margin-bottom : 0px;padding-left : 0px;}<\/style><\/div>\n","protected":false},"excerpt":{"rendered":"<p>Vestibulum ante ipsum primis in faucibus orci luctus et ultrices posuere.<\/p>\n","protected":false},"author":1,"featured_media":5428,"comment_status":"closed","ping_status":"closed","sticky":false,"template":"","format":"standard","meta":{"footnotes":""},"categories":[70],"tags":[309,73,946,74,947,113,76,77,78,310,312,308],"class_list":["post-5425","post","type-post","status-publish","format-standard","has-post-thumbnail","hentry","category-noticia-ca","tag-auxiliars-de-servei","tag-grup-seven-ca","tag-guardia-civil-ca","tag-lleida-ca","tag-policia-nacional-ca","tag-seguretat-privada-lleida-ca","tag-seguridad-privada-ca","tag-seven-ponent-ca","tag-seven-seguretat-ca","tag-vigilancia-canina","tag-vigilancia-de-seguretat-amb-gos","tag-vigilants-seguretat"],"yoast_head":"<!-- This site is optimized with the Yoast SEO plugin v26.1.1 - https:\/\/yoast.com\/wordpress\/plugins\/seo\/ -->\n<title>Grup Seven, al servei de la seguretat i la mobilitat a la Fira Challenge de l\u2019Aeroport d\u2019Alguaire - Grup Seven<\/title>\n<meta name=\"description\" content=\"Grup Seven, un any m\u00e9s acompanyant i celebrant amb la Policia Nacional i la Gu\u00e0rdia Civil les seues festivitats patronals\" \/>\n<meta name=\"robots\" content=\"index, follow, max-snippet:-1, max-image-preview:large, max-video-preview:-1\" \/>\n<link rel=\"canonical\" href=\"https:\/\/grupsevenlleida.com\/ca\/grup-seven-al-servei-de-la-seguretat-i-la-mobilitat-a-la-fira-challenge-de-laeroport-dalguaire-2\/\" \/>\n<meta property=\"og:locale\" content=\"ca_ES\" \/>\n<meta property=\"og:type\" content=\"article\" \/>\n<meta property=\"og:title\" content=\"Grup Seven, al servei de la seguretat i la mobilitat a la Fira Challenge de l\u2019Aeroport d\u2019Alguaire - Grup Seven\" \/>\n<meta property=\"og:description\" content=\"Grup Seven, un any m\u00e9s acompanyant i celebrant amb la Policia Nacional i la Gu\u00e0rdia Civil les seues festivitats patronals\" \/>\n<meta property=\"og:url\" content=\"https:\/\/grupsevenlleida.com\/ca\/grup-seven-al-servei-de-la-seguretat-i-la-mobilitat-a-la-fira-challenge-de-laeroport-dalguaire-2\/\" \/>\n<meta property=\"og:site_name\" content=\"Grup Seven\" \/>\n<meta property=\"article:published_time\" content=\"2025-10-14T08:17:00+00:00\" \/>\n<meta property=\"article:modified_time\" content=\"2025-10-14T08:21:31+00:00\" \/>\n<meta property=\"og:image\" content=\"https:\/\/grupsevenlleida.com\/wp-content\/uploads\/2025\/10\/Grup-Seven-Patro-Policia-Nacional.png\" \/>\n\t<meta property=\"og:image:width\" content=\"825\" \/>\n\t<meta property=\"og:image:height\" content=\"822\" \/>\n\t<meta property=\"og:image:type\" content=\"image\/png\" \/>\n<meta name=\"author\" content=\"admin\" \/>\n<meta name=\"twitter:card\" content=\"summary_large_image\" \/>\n<meta name=\"twitter:label1\" content=\"Escrit per\" \/>\n\t<meta name=\"twitter:data1\" content=\"admin\" \/>\n\t<meta name=\"twitter:label2\" content=\"Temps estimat de lectura\" \/>\n\t<meta name=\"twitter:data2\" content=\"5 minuts\" \/>\n<script type=\"application\/ld+json\" class=\"yoast-schema-graph\">{\"@context\":\"https:\/\/schema.org\",\"@graph\":[{\"@type\":\"WebPage\",\"@id\":\"https:\/\/grupsevenlleida.com\/ca\/grup-seven-al-servei-de-la-seguretat-i-la-mobilitat-a-la-fira-challenge-de-laeroport-dalguaire-2\/\",\"url\":\"https:\/\/grupsevenlleida.com\/ca\/grup-seven-al-servei-de-la-seguretat-i-la-mobilitat-a-la-fira-challenge-de-laeroport-dalguaire-2\/\",\"name\":\"Grup Seven, al servei de la seguretat i la mobilitat a la Fira Challenge de l\u2019Aeroport d\u2019Alguaire - Grup Seven\",\"isPartOf\":{\"@id\":\"https:\/\/grupsevenlleida.com\/#website\"},\"primaryImageOfPage\":{\"@id\":\"https:\/\/grupsevenlleida.com\/ca\/grup-seven-al-servei-de-la-seguretat-i-la-mobilitat-a-la-fira-challenge-de-laeroport-dalguaire-2\/#primaryimage\"},\"image\":{\"@id\":\"https:\/\/grupsevenlleida.com\/ca\/grup-seven-al-servei-de-la-seguretat-i-la-mobilitat-a-la-fira-challenge-de-laeroport-dalguaire-2\/#primaryimage\"},\"thumbnailUrl\":\"https:\/\/grupsevenlleida.com\/wp-content\/uploads\/2025\/10\/Grup-Seven-Patro-Policia-Nacional.png\",\"datePublished\":\"2025-10-14T08:17:00+00:00\",\"dateModified\":\"2025-10-14T08:21:31+00:00\",\"author\":{\"@id\":\"https:\/\/grupsevenlleida.com\/#\/schema\/person\/357e8123ef13664579270ffb1bd12374\"},\"description\":\"Grup Seven, un any m\u00e9s acompanyant i celebrant amb la Policia Nacional i la Gu\u00e0rdia Civil les seues festivitats patronals\",\"breadcrumb\":{\"@id\":\"https:\/\/grupsevenlleida.com\/ca\/grup-seven-al-servei-de-la-seguretat-i-la-mobilitat-a-la-fira-challenge-de-laeroport-dalguaire-2\/#breadcrumb\"},\"inLanguage\":\"ca\",\"potentialAction\":[{\"@type\":\"ReadAction\",\"target\":[\"https:\/\/grupsevenlleida.com\/ca\/grup-seven-al-servei-de-la-seguretat-i-la-mobilitat-a-la-fira-challenge-de-laeroport-dalguaire-2\/\"]}]},{\"@type\":\"ImageObject\",\"inLanguage\":\"ca\",\"@id\":\"https:\/\/grupsevenlleida.com\/ca\/grup-seven-al-servei-de-la-seguretat-i-la-mobilitat-a-la-fira-challenge-de-laeroport-dalguaire-2\/#primaryimage\",\"url\":\"https:\/\/grupsevenlleida.com\/wp-content\/uploads\/2025\/10\/Grup-Seven-Patro-Policia-Nacional.png\",\"contentUrl\":\"https:\/\/grupsevenlleida.com\/wp-content\/uploads\/2025\/10\/Grup-Seven-Patro-Policia-Nacional.png\",\"width\":825,\"height\":822},{\"@type\":\"BreadcrumbList\",\"@id\":\"https:\/\/grupsevenlleida.com\/ca\/grup-seven-al-servei-de-la-seguretat-i-la-mobilitat-a-la-fira-challenge-de-laeroport-dalguaire-2\/#breadcrumb\",\"itemListElement\":[{\"@type\":\"ListItem\",\"position\":1,\"name\":\"Home\",\"item\":\"https:\/\/grupsevenlleida.com\/ca\/\"},{\"@type\":\"ListItem\",\"position\":2,\"name\":\"Grup Seven, al servei de la seguretat i la mobilitat a la Fira Challenge de l\u2019Aeroport d\u2019Alguaire\"}]},{\"@type\":\"WebSite\",\"@id\":\"https:\/\/grupsevenlleida.com\/#website\",\"url\":\"https:\/\/grupsevenlleida.com\/\",\"name\":\"Grup Seven\",\"description\":\"Seguretat privada a Lleida\",\"potentialAction\":[{\"@type\":\"SearchAction\",\"target\":{\"@type\":\"EntryPoint\",\"urlTemplate\":\"https:\/\/grupsevenlleida.com\/?s={search_term_string}\"},\"query-input\":{\"@type\":\"PropertyValueSpecification\",\"valueRequired\":true,\"valueName\":\"search_term_string\"}}],\"inLanguage\":\"ca\"},{\"@type\":\"Person\",\"@id\":\"https:\/\/grupsevenlleida.com\/#\/schema\/person\/357e8123ef13664579270ffb1bd12374\",\"name\":\"admin\",\"image\":{\"@type\":\"ImageObject\",\"inLanguage\":\"ca\",\"@id\":\"https:\/\/grupsevenlleida.com\/#\/schema\/person\/image\/\",\"url\":\"https:\/\/secure.gravatar.com\/avatar\/3d8771e958295f415804336505f0c6faebfe16c066754f8f90e0b5a1023ffc77?s=96&d=mm&r=g\",\"contentUrl\":\"https:\/\/secure.gravatar.com\/avatar\/3d8771e958295f415804336505f0c6faebfe16c066754f8f90e0b5a1023ffc77?s=96&d=mm&r=g\",\"caption\":\"admin\"},\"sameAs\":[\"https:\/\/grupsevenlleida.com\"],\"url\":\"https:\/\/grupsevenlleida.com\/ca\/author\/jordi_6572h63p\/\"}]}<\/script>\n<!-- \/ Yoast SEO plugin. -->","yoast_head_json":{"title":"Grup Seven, al servei de la seguretat i la mobilitat a la Fira Challenge de l\u2019Aeroport d\u2019Alguaire - Grup Seven","description":"Grup Seven, un any m\u00e9s acompanyant i celebrant amb la Policia Nacional i la Gu\u00e0rdia Civil les seues festivitats patronals","robots":{"index":"index","follow":"follow","max-snippet":"max-snippet:-1","max-image-preview":"max-image-preview:large","max-video-preview":"max-video-preview:-1"},"canonical":"https:\/\/grupsevenlleida.com\/ca\/grup-seven-al-servei-de-la-seguretat-i-la-mobilitat-a-la-fira-challenge-de-laeroport-dalguaire-2\/","og_locale":"ca_ES","og_type":"article","og_title":"Grup Seven, al servei de la seguretat i la mobilitat a la Fira Challenge de l\u2019Aeroport d\u2019Alguaire - Grup Seven","og_description":"Grup Seven, un any m\u00e9s acompanyant i celebrant amb la Policia Nacional i la Gu\u00e0rdia Civil les seues festivitats patronals","og_url":"https:\/\/grupsevenlleida.com\/ca\/grup-seven-al-servei-de-la-seguretat-i-la-mobilitat-a-la-fira-challenge-de-laeroport-dalguaire-2\/","og_site_name":"Grup Seven","article_published_time":"2025-10-14T08:17:00+00:00","article_modified_time":"2025-10-14T08:21:31+00:00","og_image":[{"width":825,"height":822,"url":"https:\/\/grupsevenlleida.com\/wp-content\/uploads\/2025\/10\/Grup-Seven-Patro-Policia-Nacional.png","type":"image\/png"}],"author":"admin","twitter_card":"summary_large_image","twitter_misc":{"Escrit per":"admin","Temps estimat de lectura":"5 minuts"},"schema":{"@context":"https:\/\/schema.org","@graph":[{"@type":"WebPage","@id":"https:\/\/grupsevenlleida.com\/ca\/grup-seven-al-servei-de-la-seguretat-i-la-mobilitat-a-la-fira-challenge-de-laeroport-dalguaire-2\/","url":"https:\/\/grupsevenlleida.com\/ca\/grup-seven-al-servei-de-la-seguretat-i-la-mobilitat-a-la-fira-challenge-de-laeroport-dalguaire-2\/","name":"Grup Seven, al servei de la seguretat i la mobilitat a la Fira Challenge de l\u2019Aeroport d\u2019Alguaire - Grup Seven","isPartOf":{"@id":"https:\/\/grupsevenlleida.com\/#website"},"primaryImageOfPage":{"@id":"https:\/\/grupsevenlleida.com\/ca\/grup-seven-al-servei-de-la-seguretat-i-la-mobilitat-a-la-fira-challenge-de-laeroport-dalguaire-2\/#primaryimage"},"image":{"@id":"https:\/\/grupsevenlleida.com\/ca\/grup-seven-al-servei-de-la-seguretat-i-la-mobilitat-a-la-fira-challenge-de-laeroport-dalguaire-2\/#primaryimage"},"thumbnailUrl":"https:\/\/grupsevenlleida.com\/wp-content\/uploads\/2025\/10\/Grup-Seven-Patro-Policia-Nacional.png","datePublished":"2025-10-14T08:17:00+00:00","dateModified":"2025-10-14T08:21:31+00:00","author":{"@id":"https:\/\/grupsevenlleida.com\/#\/schema\/person\/357e8123ef13664579270ffb1bd12374"},"description":"Grup Seven, un any m\u00e9s acompanyant i celebrant amb la Policia Nacional i la Gu\u00e0rdia Civil les seues festivitats patronals","breadcrumb":{"@id":"https:\/\/grupsevenlleida.com\/ca\/grup-seven-al-servei-de-la-seguretat-i-la-mobilitat-a-la-fira-challenge-de-laeroport-dalguaire-2\/#breadcrumb"},"inLanguage":"ca","potentialAction":[{"@type":"ReadAction","target":["https:\/\/grupsevenlleida.com\/ca\/grup-seven-al-servei-de-la-seguretat-i-la-mobilitat-a-la-fira-challenge-de-laeroport-dalguaire-2\/"]}]},{"@type":"ImageObject","inLanguage":"ca","@id":"https:\/\/grupsevenlleida.com\/ca\/grup-seven-al-servei-de-la-seguretat-i-la-mobilitat-a-la-fira-challenge-de-laeroport-dalguaire-2\/#primaryimage","url":"https:\/\/grupsevenlleida.com\/wp-content\/uploads\/2025\/10\/Grup-Seven-Patro-Policia-Nacional.png","contentUrl":"https:\/\/grupsevenlleida.com\/wp-content\/uploads\/2025\/10\/Grup-Seven-Patro-Policia-Nacional.png","width":825,"height":822},{"@type":"BreadcrumbList","@id":"https:\/\/grupsevenlleida.com\/ca\/grup-seven-al-servei-de-la-seguretat-i-la-mobilitat-a-la-fira-challenge-de-laeroport-dalguaire-2\/#breadcrumb","itemListElement":[{"@type":"ListItem","position":1,"name":"Home","item":"https:\/\/grupsevenlleida.com\/ca\/"},{"@type":"ListItem","position":2,"name":"Grup Seven, al servei de la seguretat i la mobilitat a la Fira Challenge de l\u2019Aeroport d\u2019Alguaire"}]},{"@type":"WebSite","@id":"https:\/\/grupsevenlleida.com\/#website","url":"https:\/\/grupsevenlleida.com\/","name":"Grup Seven","description":"Seguretat privada a Lleida","potentialAction":[{"@type":"SearchAction","target":{"@type":"EntryPoint","urlTemplate":"https:\/\/grupsevenlleida.com\/?s={search_term_string}"},"query-input":{"@type":"PropertyValueSpecification","valueRequired":true,"valueName":"search_term_string"}}],"inLanguage":"ca"},{"@type":"Person","@id":"https:\/\/grupsevenlleida.com\/#\/schema\/person\/357e8123ef13664579270ffb1bd12374","name":"admin","image":{"@type":"ImageObject","inLanguage":"ca","@id":"https:\/\/grupsevenlleida.com\/#\/schema\/person\/image\/","url":"https:\/\/secure.gravatar.com\/avatar\/3d8771e958295f415804336505f0c6faebfe16c066754f8f90e0b5a1023ffc77?s=96&d=mm&r=g","contentUrl":"https:\/\/secure.gravatar.com\/avatar\/3d8771e958295f415804336505f0c6faebfe16c066754f8f90e0b5a1023ffc77?s=96&d=mm&r=g","caption":"admin"},"sameAs":["https:\/\/grupsevenlleida.com"],"url":"https:\/\/grupsevenlleida.com\/ca\/author\/jordi_6572h63p\/"}]}},"_links":{"self":[{"href":"https:\/\/grupsevenlleida.com\/ca\/wp-json\/wp\/v2\/posts\/5425","targetHints":{"allow":["GET"]}}],"collection":[{"href":"https:\/\/grupsevenlleida.com\/ca\/wp-json\/wp\/v2\/posts"}],"about":[{"href":"https:\/\/grupsevenlleida.com\/ca\/wp-json\/wp\/v2\/types\/post"}],"author":[{"embeddable":true,"href":"https:\/\/grupsevenlleida.com\/ca\/wp-json\/wp\/v2\/users\/1"}],"replies":[{"embeddable":true,"href":"https:\/\/grupsevenlleida.com\/ca\/wp-json\/wp\/v2\/comments?post=5425"}],"version-history":[{"count":2,"href":"https:\/\/grupsevenlleida.com\/ca\/wp-json\/wp\/v2\/posts\/5425\/revisions"}],"predecessor-version":[{"id":5432,"href":"https:\/\/grupsevenlleida.com\/ca\/wp-json\/wp\/v2\/posts\/5425\/revisions\/5432"}],"wp:featuredmedia":[{"embeddable":true,"href":"https:\/\/grupsevenlleida.com\/ca\/wp-json\/wp\/v2\/media\/5428"}],"wp:attachment":[{"href":"https:\/\/grupsevenlleida.com\/ca\/wp-json\/wp\/v2\/media?parent=5425"}],"wp:term":[{"taxonomy":"category","embeddable":true,"href":"https:\/\/grupsevenlleida.com\/ca\/wp-json\/wp\/v2\/categories?post=5425"},{"taxonomy":"post_tag","embeddable":true,"href":"https:\/\/grupsevenlleida.com\/ca\/wp-json\/wp\/v2\/tags?post=5425"}],"curies":[{"name":"wp","href":"https:\/\/api.w.org\/{rel}","templated":true}]}}