{"id":5456,"date":"2025-11-18T10:46:46","date_gmt":"2025-11-18T09:46:46","guid":{"rendered":"https:\/\/grupsevenlleida.com\/?p=5456"},"modified":"2025-11-18T10:55:10","modified_gmt":"2025-11-18T09:55:10","slug":"dia-de-la-seguretat-privada-reconeixement-compromis-i-vocacio-de-servei","status":"publish","type":"post","link":"https:\/\/grupsevenlleida.com\/ca\/dia-de-la-seguretat-privada-reconeixement-compromis-i-vocacio-de-servei\/","title":{"rendered":"Dia de la Seguretat Privada: reconeixement, comprom\u00eds i vocaci\u00f3 de servei"},"content":{"rendered":"<div class=\"fusion-fullwidth fullwidth-box fusion-builder-row-1 fusion-flex-container has-pattern-background has-mask-background nonhundred-percent-fullwidth non-hundred-percent-height-scrolling\" style=\"background-color: rgba(255,255,255,0);background-position: center center;background-repeat: no-repeat;border-width: 0px 0px 0px 0px;border-color:var(--awb-color3);border-style:solid;\" ><div class=\"fusion-builder-row fusion-row fusion-flex-align-items-flex-start\" style=\"max-width:calc( 1200px + 0px );margin-left: calc(-0px \/ 2 );margin-right: calc(-0px \/ 2 );\"><div class=\"fusion-layout-column fusion_builder_column fusion-builder-column-0 fusion_builder_column_5_6 5_6 fusion-flex-column fusion-animated\" data-animationType=\"fadeIn\" data-animationDuration=\"1.0\" data-animationOffset=\"top-into-view\"><div class=\"fusion-column-wrapper fusion-flex-justify-content-flex-start fusion-content-layout-column\" style=\"background-position:left top;background-repeat:no-repeat;-webkit-background-size:cover;-moz-background-size:cover;-o-background-size:cover;background-size:cover;padding: 0px 0px 0px 0px;\"><div class=\"fusion-text fusion-text-1 fusion-text-no-margin\" style=\"text-align:left;\"><h5 data-start=\"156\" data-end=\"715\">Ahir es va celebrar una jornada molt especial per a tot el sector: el Dia de la Seguretat Privada. Un esdeveniment marcat per l\u2019acte oficial de reconeixement que va tenir lloc a la Subdelegaci\u00f3 del Govern de l\u2019Estat a Lleida, amb la pres\u00e8ncia del subdelegat Jos\u00e9 Cresp\u00edn. Durant la seva intervenci\u00f3, Cresp\u00edn va destacar el creixement i l\u2019adaptaci\u00f3 que est\u00e0 protagonitzant el sector de la seguretat privada, subratllant l\u2019esfor\u00e7 que empreses com Grup Seven fan per evolucionar al ritme dels temps i oferir serveis m\u00e9s eficients, professionals i respectuosos.<\/h5>\n<p data-start=\"156\" data-end=\"715\">El passat 17 de novembre es va commemorar el Dia de la Seguretat Privada, una jornada molt significativa per a totes aquelles persones que treballem, amb fermesa, discreci\u00f3 i professionalitat, per garantir la seguretat de les persones, protegir espais p\u00fablics i privats, i col\u00b7laborar estretament amb els cossos de seguretat de l\u2019Estat. En aquest marc, Grup Seven va participar en l\u2019acte institucional celebrat a la Subdelegaci\u00f3 del Govern a Lleida, on es va retre homenatge a la tasca i evoluci\u00f3 del nostre sector.<\/p>\n<p data-start=\"717\" data-end=\"1172\">L\u2019acte va ser presidit pel subdelegat del Govern, <strong data-start=\"767\" data-end=\"783\">Jos\u00e9 Cresp\u00edn<\/strong>, qui va destacar durant la seva intervenci\u00f3 el creixement que ha experimentat el sector de la seguretat privada en els darrers anys, aix\u00ed com la seva capacitat d\u2019adaptaci\u00f3 als nous temps. Unes paraules que des de Grup Seven compartim plenament, ja que considerem imprescindible mantenir una actitud proactiva, flexible i formativa per respondre als reptes actuals en mat\u00e8ria de seguretat.<\/p>\n<p data-start=\"1174\" data-end=\"1568\">A la trobada hi van assistir representants dels diferents cossos policials, institucions p\u00fabliques i empreses del sector, entre elles <strong data-start=\"1308\" data-end=\"1322\">Grup Seven<\/strong>, que va viure amb especial emoci\u00f3 la jornada pel reconeixement rebut per <strong data-start=\"1396\" data-end=\"1522\">tres dels nostres vigilants de seguretat \u2014Oriol Prats, Javier Chamizo i Joel Arenas\u2014, distingits amb mencions honor\u00edfiques<\/strong> per la seva traject\u00f2ria i comprom\u00eds exemplar.<\/p>\n<h3 data-start=\"1570\" data-end=\"1618\">Un reconeixement que ens impulsa a continuar<\/h3>\n<p data-start=\"1620\" data-end=\"1989\">Aquestes mencions no s\u00f3n nom\u00e9s un guard\u00f3 personal \u2014molt merescut\u2014, sin\u00f3 tamb\u00e9 una mostra del comprom\u00eds col\u00b7lectiu que ens defineix com a empresa. Per a nosaltres, cada servei, cada ronda, cada control d\u2019acc\u00e9s o cada interacci\u00f3 amb el p\u00fablic \u00e9s una oportunitat per demostrar que <strong data-start=\"1898\" data-end=\"1988\">la seguretat privada no \u00e9s un luxe, sin\u00f3 una necessitat essencial per a la conviv\u00e8ncia<\/strong>.<\/p>\n<p data-start=\"1991\" data-end=\"2321\">A Grup Seven ho tenim molt clar: oferir un <strong data-start=\"2034\" data-end=\"2080\">servei professional, eficient i respectu\u00f3s<\/strong> \u00e9s la base de la nostra ra\u00f3 de ser. Treballem amb rigor, const\u00e0ncia i efic\u00e0cia, formant cont\u00ednuament els nostres equips i fomentant valors que considerem fonamentals: <strong data-start=\"2248\" data-end=\"2320\">integritat, empatia, formaci\u00f3 constant, respecte i vocaci\u00f3 de servei<\/strong>.<\/p>\n<p data-start=\"2323\" data-end=\"2575\">Sabem que moltes vegades la nostra feina passa desapercebuda \u2014i aix\u00ed ha de ser\u2014, per\u00f2 tamb\u00e9 sabem que sense aquesta tasca callada, molts espais no serien igual de segurs. Dies com aquest ens recorden la import\u00e0ncia i la dignitat de la nostra professi\u00f3.<\/p>\n<h3 data-start=\"2577\" data-end=\"2633\">M\u00e9s de 2.000 professionals a la demarcaci\u00f3 de Lleida<\/h3>\n<p data-start=\"2635\" data-end=\"2998\">A la prov\u00edncia de Lleida, m\u00e9s de <strong data-start=\"2668\" data-end=\"2731\">2.000 persones treballen en l\u2019\u00e0mbit de la seguretat privada, <\/strong>totes ells mereixen el nostre reconeixement i admiraci\u00f3. Perqu\u00e8 sense el seu esfor\u00e7, preparaci\u00f3 i capacitat de resposta, molts serveis essencials no es podrien garantir amb seguretat.<\/p>\n<p data-start=\"3000\" data-end=\"3251\">Des de Grup Seven volem agrair a <strong data-start=\"3033\" data-end=\"3105\">totes les empreses, institucions i entitats que confien en nosaltres<\/strong> la gesti\u00f3 de la seva seguretat. Gr\u00e0cies per permetre\u2019ns formar part dels vostres projectes, protegir els vostres espais i cuidar de les persones.<\/p>\n<p data-start=\"3253\" data-end=\"3551\">I, evidentment, <strong data-start=\"3269\" data-end=\"3316\">felicitem tots els professionals del sector<\/strong>, tant els que van ser reconeguts ahir com els que no: sabem que la llista de persones mereixedores d\u2019aquestes mencions \u00e9s molt llarga, i que molts, com els nostres companys, treballen amb absoluta dedicaci\u00f3 i responsabilitat cada dia.<\/p>\n<h3 data-start=\"3553\" data-end=\"3585\">Seguim caminant amb pas ferm<\/h3>\n<p data-start=\"3587\" data-end=\"3859\">A Grup Seven seguirem apostant per una <strong data-start=\"3626\" data-end=\"3685\">seguretat privada professional, humana i col\u00b7laborativa<\/strong>, sempre al servei de les persones. El Dia de la Seguretat Privada \u00e9s una celebraci\u00f3, per\u00f2 tamb\u00e9 un recordatori del comprom\u00eds que assumim cada jornada amb la nostra societat.<\/p>\n<p data-start=\"3861\" data-end=\"3948\"><strong data-start=\"3861\" data-end=\"3948\">Oriol, Javier, Joel: enhorabona. Sou un bon exemple de tot el que representa Grup Seven.<\/strong><\/p>\n<h2><a href=\"https:\/\/grupsevenlleida.com\/ca\/#seven\">Grup Seven, la seguretat privada al servei de les persones<\/a><\/h2>\n<\/div><\/div><style type=\"text\/css\">.fusion-body .fusion-builder-column-0{width:83.333333333333% !important;margin-top : 0px;margin-bottom : 80px;}.fusion-builder-column-0 > .fusion-column-wrapper {padding-top : 0px !important;padding-right : 0px !important;margin-right : 0px;padding-bottom : 0px !important;padding-left : 0px !important;margin-left : 0px;}@media only screen and (max-width:1024px) {.fusion-body .fusion-builder-column-0{width:83.333333333333% !important;order : 0;margin-bottom : 70px;}.fusion-builder-column-0 > .fusion-column-wrapper {margin-right : 0px;margin-left : 0px;}}@media only screen and (max-width:640px) {.fusion-body .fusion-builder-column-0{width:100% !important;order : 0;margin-bottom : 50px;}.fusion-builder-column-0 > .fusion-column-wrapper {margin-right : 0px;margin-left : 0px;}}<\/style><\/div><div class=\"fusion-layout-column fusion_builder_column fusion-builder-column-1 fusion_builder_column_1_1 1_1 fusion-flex-column\"><div class=\"fusion-column-wrapper fusion-flex-justify-content-flex-start fusion-content-layout-column\" style=\"background-position:center center;background-blend-mode: multiply;background-repeat:no-repeat;-webkit-background-size:cover;-moz-background-size:cover;-o-background-size:cover;background-size:cover;background-color:var(--awb-color1);padding: 0px 0px 0px 0px;\"><style type=\"text\/css\">.fusion-gallery-1 .fusion-gallery-image {border:0px solid var(--awb-color3);}.fusion-gallery.fusion-gallery-1 .fusion-gallery-image img{aspect-ratio:1 \/ 1;}<\/style><div class=\"awb-gallery-wrapper awb-gallery-wrapper-1 button-span-no\" style=\"--more-btn-alignment:center;\"><div class=\"fusion-gallery fusion-gallery-container fusion-grid-3 fusion-columns-total-4 fusion-gallery-layout-grid fusion-gallery-1 has-aspect-ratio\" style=\"margin:-5px;\"><div style=\"padding:5px;\" class=\"fusion-grid-column fusion-gallery-column fusion-gallery-column-3 hover-type-none\"><div class=\"fusion-gallery-image\"><a href=\"https:\/\/grupsevenlleida.com\/wp-content\/uploads\/2025\/11\/Grup-Seven-seguridad-privada-al-servicio-de-las-personas-1.jpg\" rel=\"noreferrer\" data-rel=\"iLightbox[gallery_image_1]\" class=\"fusion-lightbox\" target=\"_self\"><img decoding=\"async\" src=\"https:\/\/grupsevenlleida.com\/wp-content\/uploads\/2025\/11\/Grup-Seven-seguridad-privada-al-servicio-de-las-personas-1-460x295.jpg\" width=\"460\" height=\"295\" alt=\"\" title=\"Grup Seven, seguridad privada al servicio de las personas 1\" aria-label=\"Grup Seven, seguridad privada al servicio de las personas 1\" class=\"img-responsive wp-image-5459 fusion-gallery-image-size-fixed\"  \/><\/a><\/div><\/div><div style=\"padding:5px;\" class=\"fusion-grid-column fusion-gallery-column fusion-gallery-column-3 hover-type-none\"><div class=\"fusion-gallery-image\"><a href=\"https:\/\/grupsevenlleida.com\/wp-content\/uploads\/2025\/11\/Grup-Seven-seguridad-privada-al-servicio-de-las-personas-2.jpg\" rel=\"noreferrer\" data-rel=\"iLightbox[gallery_image_1]\" class=\"fusion-lightbox\" target=\"_self\"><img decoding=\"async\" src=\"https:\/\/grupsevenlleida.com\/wp-content\/uploads\/2025\/11\/Grup-Seven-seguridad-privada-al-servicio-de-las-personas-2-460x295.jpg\" width=\"460\" height=\"295\" alt=\"\" title=\"Grup Seven, seguridad privada al servicio de las personas 2\" aria-label=\"Grup Seven, seguridad privada al servicio de las personas 2\" class=\"img-responsive wp-image-5461 fusion-gallery-image-size-fixed\"  \/><\/a><\/div><\/div><div style=\"padding:5px;\" class=\"fusion-grid-column fusion-gallery-column fusion-gallery-column-3 hover-type-none\"><div class=\"fusion-gallery-image\"><a href=\"https:\/\/grupsevenlleida.com\/wp-content\/uploads\/2025\/11\/Grup-Seven-seguridad-privada-al-servicio-de-las-personas-3.jpg\" rel=\"noreferrer\" data-rel=\"iLightbox[gallery_image_1]\" class=\"fusion-lightbox\" target=\"_self\"><img decoding=\"async\" src=\"https:\/\/grupsevenlleida.com\/wp-content\/uploads\/2025\/11\/Grup-Seven-seguridad-privada-al-servicio-de-las-personas-3-460x295.jpg\" width=\"460\" height=\"295\" alt=\"\" title=\"Grup Seven, seguridad privada al servicio de las personas 3\" aria-label=\"Grup Seven, seguridad privada al servicio de las personas 3\" class=\"img-responsive wp-image-5463 fusion-gallery-image-size-fixed\"  \/><\/a><\/div><\/div><div class=\"clearfix\"><\/div><div style=\"padding:5px;\" class=\"fusion-grid-column fusion-gallery-column fusion-gallery-column-3 hover-type-none\"><div class=\"fusion-gallery-image\"><a href=\"https:\/\/grupsevenlleida.com\/wp-content\/uploads\/2025\/11\/Grup-Seven-seguridad-privada-al-servicio-de-las-personas-4.jpg\" rel=\"noreferrer\" data-rel=\"iLightbox[gallery_image_1]\" class=\"fusion-lightbox\" target=\"_self\"><img decoding=\"async\" src=\"https:\/\/grupsevenlleida.com\/wp-content\/uploads\/2025\/11\/Grup-Seven-seguridad-privada-al-servicio-de-las-personas-4-460x295.jpg\" width=\"460\" height=\"295\" alt=\"\" title=\"Grup Seven, seguridad privada al servicio de las personas 4\" aria-label=\"Grup Seven, seguridad privada al servicio de las personas 4\" class=\"img-responsive wp-image-5465 fusion-gallery-image-size-fixed\"  \/><\/a><\/div><\/div><\/div><\/div><\/div><style type=\"text\/css\">.fusion-body .fusion-builder-column-1{width:100% !important;margin-top : 0px;margin-bottom : 20px;}.fusion-builder-column-1 > .fusion-column-wrapper {padding-top : 0px !important;padding-right : 0px !important;margin-right : 10px;padding-bottom : 0px !important;padding-left : 0px !important;margin-left : 10px;}@media only screen and (max-width:1024px) {.fusion-body .fusion-builder-column-1{width:100% !important;order : 0;}.fusion-builder-column-1 > .fusion-column-wrapper {margin-right : 10px;margin-left : 10px;}}@media only screen and (max-width:640px) {.fusion-body .fusion-builder-column-1{width:100% !important;order : 0;}.fusion-builder-column-1 > .fusion-column-wrapper {margin-right : 0px;margin-left : 0px;}}<\/style><\/div><div class=\"fusion-layout-column fusion_builder_column fusion-builder-column-2 fusion_builder_column_1_1 1_1 fusion-flex-column\"><div class=\"fusion-column-wrapper fusion-flex-justify-content-flex-start fusion-content-layout-column\" style=\"background-image: url(&#039;https:\/\/grupsevenlleida.com\/wp-content\/uploads\/2025\/11\/Grup-Seven-seguridad-privada-al-servicio-de-las-personas-1.jpg&#039;);background-position:center center;background-blend-mode: multiply;background-repeat:no-repeat;-webkit-background-size:cover;-moz-background-size:cover;-o-background-size:cover;background-size:cover;background-color:var(--awb-color6);padding: 0px 0px 0px 0px;\" data-bg-url=\"https:\/\/grupsevenlleida.com\/wp-content\/uploads\/2025\/11\/Grup-Seven-seguridad-privada-al-servicio-de-las-personas-1.jpg\"><style type=\"text\/css\">.fusion-gallery-2 .fusion-gallery-image {border:0px solid var(--awb-color3);}.fusion-gallery.fusion-gallery-2 .fusion-gallery-image img{aspect-ratio:1 \/ 1;}<\/style><div class=\"awb-gallery-wrapper awb-gallery-wrapper-2 button-span-no\" style=\"--more-btn-alignment:center;\"><div class=\"fusion-gallery fusion-gallery-container fusion-grid-3 fusion-columns-total-0 fusion-gallery-layout-grid fusion-gallery-2 has-aspect-ratio\" style=\"margin:-5px;\"><\/div><\/div><\/div><style type=\"text\/css\">.fusion-body .fusion-builder-column-2{width:100% !important;margin-top : 0px;margin-bottom : 20px;}.fusion-builder-column-2 > .fusion-column-wrapper {padding-top : 0px !important;padding-right : 0px !important;margin-right : 10px;padding-bottom : 0px !important;padding-left : 0px !important;margin-left : 10px;}@media only screen and (max-width:1024px) {.fusion-body .fusion-builder-column-2{width:100% !important;order : 0;}.fusion-builder-column-2 > .fusion-column-wrapper {margin-right : 10px;margin-left : 10px;}}@media only screen and (max-width:640px) {.fusion-body .fusion-builder-column-2{width:100% !important;order : 0;}.fusion-builder-column-2 > .fusion-column-wrapper {margin-right : 0px;margin-left : 0px;}}<\/style><\/div><\/div><style type=\"text\/css\">.fusion-body .fusion-flex-container.fusion-builder-row-1{ padding-top : 0px;margin-top : 0px;padding-right : 0px;padding-bottom : 0px;margin-bottom : 0px;padding-left : 0px;}<\/style><\/div>\n","protected":false},"excerpt":{"rendered":"<p>Vestibulum ante ipsum primis in faucibus orci luctus et ultrices posuere.<\/p>\n","protected":false},"author":1,"featured_media":5459,"comment_status":"closed","ping_status":"closed","sticky":false,"template":"","format":"standard","meta":{"footnotes":""},"categories":[70],"tags":[309,972,73,946,74,947,113,76,77,78,310,312,308],"class_list":["post-5456","post","type-post","status-publish","format-standard","has-post-thumbnail","hentry","category-noticia-ca","tag-auxiliars-de-servei","tag-dia-seguretat-privada","tag-grup-seven-ca","tag-guardia-civil-ca","tag-lleida-ca","tag-policia-nacional-ca","tag-seguretat-privada-lleida-ca","tag-seguridad-privada-ca","tag-seven-ponent-ca","tag-seven-seguretat-ca","tag-vigilancia-canina","tag-vigilancia-de-seguretat-amb-gos","tag-vigilants-seguretat"],"yoast_head":"<!-- This site is optimized with the Yoast SEO plugin v26.1.1 - https:\/\/yoast.com\/wordpress\/plugins\/seo\/ -->\n<title>Dia de la Seguretat Privada: reconeixement, comprom\u00eds i vocaci\u00f3 de servei - Grup Seven<\/title>\n<meta name=\"description\" content=\"Grup Seven celebra el Dia de la Seguretat Privada amb orgull i reconeixement a tres dels seus professionals\" \/>\n<meta name=\"robots\" content=\"index, follow, max-snippet:-1, max-image-preview:large, max-video-preview:-1\" \/>\n<link rel=\"canonical\" href=\"https:\/\/grupsevenlleida.com\/ca\/dia-de-la-seguretat-privada-reconeixement-compromis-i-vocacio-de-servei\/\" \/>\n<meta property=\"og:locale\" content=\"ca_ES\" \/>\n<meta property=\"og:type\" content=\"article\" \/>\n<meta property=\"og:title\" content=\"Dia de la Seguretat Privada: reconeixement, comprom\u00eds i vocaci\u00f3 de servei - Grup Seven\" \/>\n<meta property=\"og:description\" content=\"Grup Seven celebra el Dia de la Seguretat Privada amb orgull i reconeixement a tres dels seus professionals\" \/>\n<meta property=\"og:url\" content=\"https:\/\/grupsevenlleida.com\/ca\/dia-de-la-seguretat-privada-reconeixement-compromis-i-vocacio-de-servei\/\" \/>\n<meta property=\"og:site_name\" content=\"Grup Seven\" \/>\n<meta property=\"article:published_time\" content=\"2025-11-18T09:46:46+00:00\" \/>\n<meta property=\"article:modified_time\" content=\"2025-11-18T09:55:10+00:00\" \/>\n<meta property=\"og:image\" content=\"https:\/\/grupsevenlleida.com\/wp-content\/uploads\/2025\/11\/Grup-Seven-seguridad-privada-al-servicio-de-las-personas-1.jpg\" \/>\n\t<meta property=\"og:image:width\" content=\"1080\" \/>\n\t<meta property=\"og:image:height\" content=\"1080\" \/>\n\t<meta property=\"og:image:type\" content=\"image\/jpeg\" \/>\n<meta name=\"author\" content=\"admin\" \/>\n<meta name=\"twitter:card\" content=\"summary_large_image\" \/>\n<meta name=\"twitter:label1\" content=\"Escrit per\" \/>\n\t<meta name=\"twitter:data1\" content=\"admin\" \/>\n\t<meta name=\"twitter:label2\" content=\"Temps estimat de lectura\" \/>\n\t<meta name=\"twitter:data2\" content=\"7 minuts\" \/>\n<script type=\"application\/ld+json\" class=\"yoast-schema-graph\">{\"@context\":\"https:\/\/schema.org\",\"@graph\":[{\"@type\":\"WebPage\",\"@id\":\"https:\/\/grupsevenlleida.com\/ca\/dia-de-la-seguretat-privada-reconeixement-compromis-i-vocacio-de-servei\/\",\"url\":\"https:\/\/grupsevenlleida.com\/ca\/dia-de-la-seguretat-privada-reconeixement-compromis-i-vocacio-de-servei\/\",\"name\":\"Dia de la Seguretat Privada: reconeixement, comprom\u00eds i vocaci\u00f3 de servei - Grup Seven\",\"isPartOf\":{\"@id\":\"https:\/\/grupsevenlleida.com\/#website\"},\"primaryImageOfPage\":{\"@id\":\"https:\/\/grupsevenlleida.com\/ca\/dia-de-la-seguretat-privada-reconeixement-compromis-i-vocacio-de-servei\/#primaryimage\"},\"image\":{\"@id\":\"https:\/\/grupsevenlleida.com\/ca\/dia-de-la-seguretat-privada-reconeixement-compromis-i-vocacio-de-servei\/#primaryimage\"},\"thumbnailUrl\":\"https:\/\/grupsevenlleida.com\/wp-content\/uploads\/2025\/11\/Grup-Seven-seguridad-privada-al-servicio-de-las-personas-1.jpg\",\"datePublished\":\"2025-11-18T09:46:46+00:00\",\"dateModified\":\"2025-11-18T09:55:10+00:00\",\"author\":{\"@id\":\"https:\/\/grupsevenlleida.com\/#\/schema\/person\/357e8123ef13664579270ffb1bd12374\"},\"description\":\"Grup Seven celebra el Dia de la Seguretat Privada amb orgull i reconeixement a tres dels seus professionals\",\"breadcrumb\":{\"@id\":\"https:\/\/grupsevenlleida.com\/ca\/dia-de-la-seguretat-privada-reconeixement-compromis-i-vocacio-de-servei\/#breadcrumb\"},\"inLanguage\":\"ca\",\"potentialAction\":[{\"@type\":\"ReadAction\",\"target\":[\"https:\/\/grupsevenlleida.com\/ca\/dia-de-la-seguretat-privada-reconeixement-compromis-i-vocacio-de-servei\/\"]}]},{\"@type\":\"ImageObject\",\"inLanguage\":\"ca\",\"@id\":\"https:\/\/grupsevenlleida.com\/ca\/dia-de-la-seguretat-privada-reconeixement-compromis-i-vocacio-de-servei\/#primaryimage\",\"url\":\"https:\/\/grupsevenlleida.com\/wp-content\/uploads\/2025\/11\/Grup-Seven-seguridad-privada-al-servicio-de-las-personas-1.jpg\",\"contentUrl\":\"https:\/\/grupsevenlleida.com\/wp-content\/uploads\/2025\/11\/Grup-Seven-seguridad-privada-al-servicio-de-las-personas-1.jpg\",\"width\":1080,\"height\":1080},{\"@type\":\"BreadcrumbList\",\"@id\":\"https:\/\/grupsevenlleida.com\/ca\/dia-de-la-seguretat-privada-reconeixement-compromis-i-vocacio-de-servei\/#breadcrumb\",\"itemListElement\":[{\"@type\":\"ListItem\",\"position\":1,\"name\":\"Home\",\"item\":\"https:\/\/grupsevenlleida.com\/ca\/\"},{\"@type\":\"ListItem\",\"position\":2,\"name\":\"Dia de la Seguretat Privada: reconeixement, comprom\u00eds i vocaci\u00f3 de servei\"}]},{\"@type\":\"WebSite\",\"@id\":\"https:\/\/grupsevenlleida.com\/#website\",\"url\":\"https:\/\/grupsevenlleida.com\/\",\"name\":\"Grup Seven\",\"description\":\"Seguretat privada a Lleida\",\"potentialAction\":[{\"@type\":\"SearchAction\",\"target\":{\"@type\":\"EntryPoint\",\"urlTemplate\":\"https:\/\/grupsevenlleida.com\/?s={search_term_string}\"},\"query-input\":{\"@type\":\"PropertyValueSpecification\",\"valueRequired\":true,\"valueName\":\"search_term_string\"}}],\"inLanguage\":\"ca\"},{\"@type\":\"Person\",\"@id\":\"https:\/\/grupsevenlleida.com\/#\/schema\/person\/357e8123ef13664579270ffb1bd12374\",\"name\":\"admin\",\"image\":{\"@type\":\"ImageObject\",\"inLanguage\":\"ca\",\"@id\":\"https:\/\/grupsevenlleida.com\/#\/schema\/person\/image\/\",\"url\":\"https:\/\/secure.gravatar.com\/avatar\/3d8771e958295f415804336505f0c6faebfe16c066754f8f90e0b5a1023ffc77?s=96&d=mm&r=g\",\"contentUrl\":\"https:\/\/secure.gravatar.com\/avatar\/3d8771e958295f415804336505f0c6faebfe16c066754f8f90e0b5a1023ffc77?s=96&d=mm&r=g\",\"caption\":\"admin\"},\"sameAs\":[\"https:\/\/grupsevenlleida.com\"],\"url\":\"https:\/\/grupsevenlleida.com\/ca\/author\/jordi_6572h63p\/\"}]}<\/script>\n<!-- \/ Yoast SEO plugin. -->","yoast_head_json":{"title":"Dia de la Seguretat Privada: reconeixement, comprom\u00eds i vocaci\u00f3 de servei - Grup Seven","description":"Grup Seven celebra el Dia de la Seguretat Privada amb orgull i reconeixement a tres dels seus professionals","robots":{"index":"index","follow":"follow","max-snippet":"max-snippet:-1","max-image-preview":"max-image-preview:large","max-video-preview":"max-video-preview:-1"},"canonical":"https:\/\/grupsevenlleida.com\/ca\/dia-de-la-seguretat-privada-reconeixement-compromis-i-vocacio-de-servei\/","og_locale":"ca_ES","og_type":"article","og_title":"Dia de la Seguretat Privada: reconeixement, comprom\u00eds i vocaci\u00f3 de servei - Grup Seven","og_description":"Grup Seven celebra el Dia de la Seguretat Privada amb orgull i reconeixement a tres dels seus professionals","og_url":"https:\/\/grupsevenlleida.com\/ca\/dia-de-la-seguretat-privada-reconeixement-compromis-i-vocacio-de-servei\/","og_site_name":"Grup Seven","article_published_time":"2025-11-18T09:46:46+00:00","article_modified_time":"2025-11-18T09:55:10+00:00","og_image":[{"width":1080,"height":1080,"url":"https:\/\/grupsevenlleida.com\/wp-content\/uploads\/2025\/11\/Grup-Seven-seguridad-privada-al-servicio-de-las-personas-1.jpg","type":"image\/jpeg"}],"author":"admin","twitter_card":"summary_large_image","twitter_misc":{"Escrit per":"admin","Temps estimat de lectura":"7 minuts"},"schema":{"@context":"https:\/\/schema.org","@graph":[{"@type":"WebPage","@id":"https:\/\/grupsevenlleida.com\/ca\/dia-de-la-seguretat-privada-reconeixement-compromis-i-vocacio-de-servei\/","url":"https:\/\/grupsevenlleida.com\/ca\/dia-de-la-seguretat-privada-reconeixement-compromis-i-vocacio-de-servei\/","name":"Dia de la Seguretat Privada: reconeixement, comprom\u00eds i vocaci\u00f3 de servei - Grup Seven","isPartOf":{"@id":"https:\/\/grupsevenlleida.com\/#website"},"primaryImageOfPage":{"@id":"https:\/\/grupsevenlleida.com\/ca\/dia-de-la-seguretat-privada-reconeixement-compromis-i-vocacio-de-servei\/#primaryimage"},"image":{"@id":"https:\/\/grupsevenlleida.com\/ca\/dia-de-la-seguretat-privada-reconeixement-compromis-i-vocacio-de-servei\/#primaryimage"},"thumbnailUrl":"https:\/\/grupsevenlleida.com\/wp-content\/uploads\/2025\/11\/Grup-Seven-seguridad-privada-al-servicio-de-las-personas-1.jpg","datePublished":"2025-11-18T09:46:46+00:00","dateModified":"2025-11-18T09:55:10+00:00","author":{"@id":"https:\/\/grupsevenlleida.com\/#\/schema\/person\/357e8123ef13664579270ffb1bd12374"},"description":"Grup Seven celebra el Dia de la Seguretat Privada amb orgull i reconeixement a tres dels seus professionals","breadcrumb":{"@id":"https:\/\/grupsevenlleida.com\/ca\/dia-de-la-seguretat-privada-reconeixement-compromis-i-vocacio-de-servei\/#breadcrumb"},"inLanguage":"ca","potentialAction":[{"@type":"ReadAction","target":["https:\/\/grupsevenlleida.com\/ca\/dia-de-la-seguretat-privada-reconeixement-compromis-i-vocacio-de-servei\/"]}]},{"@type":"ImageObject","inLanguage":"ca","@id":"https:\/\/grupsevenlleida.com\/ca\/dia-de-la-seguretat-privada-reconeixement-compromis-i-vocacio-de-servei\/#primaryimage","url":"https:\/\/grupsevenlleida.com\/wp-content\/uploads\/2025\/11\/Grup-Seven-seguridad-privada-al-servicio-de-las-personas-1.jpg","contentUrl":"https:\/\/grupsevenlleida.com\/wp-content\/uploads\/2025\/11\/Grup-Seven-seguridad-privada-al-servicio-de-las-personas-1.jpg","width":1080,"height":1080},{"@type":"BreadcrumbList","@id":"https:\/\/grupsevenlleida.com\/ca\/dia-de-la-seguretat-privada-reconeixement-compromis-i-vocacio-de-servei\/#breadcrumb","itemListElement":[{"@type":"ListItem","position":1,"name":"Home","item":"https:\/\/grupsevenlleida.com\/ca\/"},{"@type":"ListItem","position":2,"name":"Dia de la Seguretat Privada: reconeixement, comprom\u00eds i vocaci\u00f3 de servei"}]},{"@type":"WebSite","@id":"https:\/\/grupsevenlleida.com\/#website","url":"https:\/\/grupsevenlleida.com\/","name":"Grup Seven","description":"Seguretat privada a Lleida","potentialAction":[{"@type":"SearchAction","target":{"@type":"EntryPoint","urlTemplate":"https:\/\/grupsevenlleida.com\/?s={search_term_string}"},"query-input":{"@type":"PropertyValueSpecification","valueRequired":true,"valueName":"search_term_string"}}],"inLanguage":"ca"},{"@type":"Person","@id":"https:\/\/grupsevenlleida.com\/#\/schema\/person\/357e8123ef13664579270ffb1bd12374","name":"admin","image":{"@type":"ImageObject","inLanguage":"ca","@id":"https:\/\/grupsevenlleida.com\/#\/schema\/person\/image\/","url":"https:\/\/secure.gravatar.com\/avatar\/3d8771e958295f415804336505f0c6faebfe16c066754f8f90e0b5a1023ffc77?s=96&d=mm&r=g","contentUrl":"https:\/\/secure.gravatar.com\/avatar\/3d8771e958295f415804336505f0c6faebfe16c066754f8f90e0b5a1023ffc77?s=96&d=mm&r=g","caption":"admin"},"sameAs":["https:\/\/grupsevenlleida.com"],"url":"https:\/\/grupsevenlleida.com\/ca\/author\/jordi_6572h63p\/"}]}},"_links":{"self":[{"href":"https:\/\/grupsevenlleida.com\/ca\/wp-json\/wp\/v2\/posts\/5456","targetHints":{"allow":["GET"]}}],"collection":[{"href":"https:\/\/grupsevenlleida.com\/ca\/wp-json\/wp\/v2\/posts"}],"about":[{"href":"https:\/\/grupsevenlleida.com\/ca\/wp-json\/wp\/v2\/types\/post"}],"author":[{"embeddable":true,"href":"https:\/\/grupsevenlleida.com\/ca\/wp-json\/wp\/v2\/users\/1"}],"replies":[{"embeddable":true,"href":"https:\/\/grupsevenlleida.com\/ca\/wp-json\/wp\/v2\/comments?post=5456"}],"version-history":[{"count":2,"href":"https:\/\/grupsevenlleida.com\/ca\/wp-json\/wp\/v2\/posts\/5456\/revisions"}],"predecessor-version":[{"id":5468,"href":"https:\/\/grupsevenlleida.com\/ca\/wp-json\/wp\/v2\/posts\/5456\/revisions\/5468"}],"wp:featuredmedia":[{"embeddable":true,"href":"https:\/\/grupsevenlleida.com\/ca\/wp-json\/wp\/v2\/media\/5459"}],"wp:attachment":[{"href":"https:\/\/grupsevenlleida.com\/ca\/wp-json\/wp\/v2\/media?parent=5456"}],"wp:term":[{"taxonomy":"category","embeddable":true,"href":"https:\/\/grupsevenlleida.com\/ca\/wp-json\/wp\/v2\/categories?post=5456"},{"taxonomy":"post_tag","embeddable":true,"href":"https:\/\/grupsevenlleida.com\/ca\/wp-json\/wp\/v2\/tags?post=5456"}],"curies":[{"name":"wp","href":"https:\/\/api.w.org\/{rel}","templated":true}]}}