{"id":5471,"date":"2025-11-24T15:53:13","date_gmt":"2025-11-24T14:53:13","guid":{"rendered":"https:\/\/grupsevenlleida.com\/?p=5471"},"modified":"2025-11-24T16:07:54","modified_gmt":"2025-11-24T15:07:54","slug":"grup-seven-encarregat-de-la-seguretat-privada-del-multitudinari-homenatge-als-germans-marquez-a-cervera","status":"publish","type":"post","link":"https:\/\/grupsevenlleida.com\/ca\/grup-seven-encarregat-de-la-seguretat-privada-del-multitudinari-homenatge-als-germans-marquez-a-cervera\/","title":{"rendered":"Grup Seven, encarregat de la seguretat privada del multitudinari homenatge als germans M\u00e1rquez a Cervera"},"content":{"rendered":"<div class=\"fusion-fullwidth fullwidth-box fusion-builder-row-1 fusion-flex-container has-pattern-background has-mask-background nonhundred-percent-fullwidth non-hundred-percent-height-scrolling\" style=\"background-color: rgba(255,255,255,0);background-position: center center;background-repeat: no-repeat;border-width: 0px 0px 0px 0px;border-color:var(--awb-color3);border-style:solid;\" ><div class=\"fusion-builder-row fusion-row fusion-flex-align-items-flex-start\" style=\"max-width:calc( 1200px + 0px );margin-left: calc(-0px \/ 2 );margin-right: calc(-0px \/ 2 );\"><div class=\"fusion-layout-column fusion_builder_column fusion-builder-column-0 fusion_builder_column_5_6 5_6 fusion-flex-column fusion-animated\" data-animationType=\"fadeIn\" data-animationDuration=\"1.0\" data-animationOffset=\"top-into-view\"><div class=\"fusion-column-wrapper fusion-flex-justify-content-flex-start fusion-content-layout-column\" style=\"background-position:left top;background-repeat:no-repeat;-webkit-background-size:cover;-moz-background-size:cover;-o-background-size:cover;background-size:cover;padding: 0px 0px 0px 0px;\"><div class=\"fusion-text fusion-text-1 fusion-text-no-margin\" style=\"text-align:left;\"><p><strong>Aquest dissabte passat 22 de novembre, la ciutat de Cervera va viure una jornada hist\u00f2rica amb motiu de l\u2019homenatge brindat als seus dos grans campions de motociclisme: Marc i \u00c0lex M\u00e1rquez, campi\u00f3 i sotscampi\u00f3 del m\u00f3n de Moto GP. Els aficionats al motociclisme tenien ganes de celebrar aquesta gran gesta i homenatjar als seus protagonistes, com aix\u00ed el fa pal\u00e8s les m\u00e9s de 20.000 persones que es van congregar a la capital de la Segarra per celebrar els \u00e8xits dels seus \u00eddols, en un acte carregat d\u2019emoci\u00f3, orgull local i passi\u00f3 per l\u2019esport.<\/strong><\/p>\n<p>Per a Grup Seven, aquesta celebraci\u00f3 va representar molt m\u00e9s que un servei. Va ser un repte maj\u00fascul, una responsabilitat que vam assumir amb entusiasme. Tot un honor que volem compartir amb el conjunt de professionals de Grup Seven. Els i les nostres vigilants de seguretat i auxiliars van treballar de manera impecable, amb la professionalitat, rigor i vocaci\u00f3 de servei que ens defineixen.<\/p>\n<p>Tot i que no era la nostra primera col\u00b7laboraci\u00f3 en celebracions dels M\u00e1rquez, la il\u00b7lusi\u00f3 i l\u2019exig\u00e8ncia es mantenen intactes. Aquest tipus de dispositius complexos, on cada detall compta, ens motiven i ens empenyen a millorar dia rere dia. I \u00e9s en esdeveniments d&#8217;aquesta mena on Grup Seven demostra clarament la seva traject\u00f2ria i el seu valor com a especialista en seguretat d\u2019esdeveniments multitudinaris.<\/p>\n<p>L&#8217;\u00e8xit en la celebraci\u00f3 d&#8217;aquests esdeveniments \u00e9s fruit d&#8217;un treball col\u00b7lectiu, on \u00e9s necess\u00e0ria la implicaci\u00f3 i coordinaci\u00f3 d&#8217;un gran nombre de persones procedents de diferents \u00e0mbits. En aquest sentit, volem manifestar el nostre agra\u00efment i un reconeixement molt especial als Mossos d\u2019Esquadra i al seu cap de dispositiu, per la seva confian\u00e7a i col\u00b7laboraci\u00f3 des del primer moment; a la Policia Local i a l\u2019Ajuntament de Cervera; a OA2 Produccions; a Jos\u00e9 Manuel R. de Sincronismo i el seu equip; i a Fran de Vertical. A tots ells, gr\u00e0cies. I, \u00e9s clar,\u00a0 a tot l\u2019equip de Grup Seven, enhorabona.<\/p>\n<p>Hem demostrat una vegada m\u00e9s que quan la passi\u00f3 i el comprom\u00eds es troben; quan es fa un treball coordinat entre equips, institucions i promotors el resultat \u00e9s una festa segura, alegre i inoblidable, qualsevol desafiament es transforma en un repte superat, en una celebraci\u00f3 segura que quedar\u00e0 al record del conjunt d&#8217;assistents.<\/p>\n<p><strong>\ud83d\udd17 LINKEDIN<\/strong><\/p>\n<\/div><\/div><style type=\"text\/css\">.fusion-body .fusion-builder-column-0{width:83.333333333333% !important;margin-top : 0px;margin-bottom : 80px;}.fusion-builder-column-0 > .fusion-column-wrapper {padding-top : 0px !important;padding-right : 0px !important;margin-right : 0px;padding-bottom : 0px !important;padding-left : 0px !important;margin-left : 0px;}@media only screen and (max-width:1024px) {.fusion-body .fusion-builder-column-0{width:83.333333333333% !important;order : 0;margin-bottom : 70px;}.fusion-builder-column-0 > .fusion-column-wrapper {margin-right : 0px;margin-left : 0px;}}@media only screen and (max-width:640px) {.fusion-body .fusion-builder-column-0{width:100% !important;order : 0;margin-bottom : 50px;}.fusion-builder-column-0 > .fusion-column-wrapper {margin-right : 0px;margin-left : 0px;}}<\/style><\/div><div class=\"fusion-layout-column fusion_builder_column fusion-builder-column-1 fusion_builder_column_1_1 1_1 fusion-flex-column\"><div class=\"fusion-column-wrapper fusion-flex-justify-content-flex-start fusion-content-layout-column\" style=\"background-position:center center;background-blend-mode: multiply;background-repeat:no-repeat;-webkit-background-size:cover;-moz-background-size:cover;-o-background-size:cover;background-size:cover;background-color:var(--awb-color1);padding: 0px 0px 0px 0px;\"><style type=\"text\/css\">.fusion-gallery-1 .fusion-gallery-image {border:0px solid var(--awb-color3);}.fusion-gallery.fusion-gallery-1 .fusion-gallery-image img{aspect-ratio:1 \/ 1;}<\/style><div class=\"awb-gallery-wrapper awb-gallery-wrapper-1 button-span-no\" style=\"--more-btn-alignment:center;\"><div class=\"fusion-gallery fusion-gallery-container fusion-grid-3 fusion-columns-total-3 fusion-gallery-layout-grid fusion-gallery-1 has-aspect-ratio\" style=\"margin:-5px;\"><div style=\"padding:5px;\" class=\"fusion-grid-column fusion-gallery-column fusion-gallery-column-3 hover-type-none\"><div class=\"fusion-gallery-image\"><a href=\"https:\/\/grupsevenlleida.com\/wp-content\/uploads\/2025\/11\/Grup-Seven-homenatge-germans-Marquez-Cervera-seguretat-privada-3.png\" rel=\"noreferrer\" data-rel=\"iLightbox[gallery_image_1]\" class=\"fusion-lightbox\" target=\"_self\"><img decoding=\"async\" src=\"https:\/\/grupsevenlleida.com\/wp-content\/uploads\/2025\/11\/Grup-Seven-homenatge-germans-Marquez-Cervera-seguretat-privada-3-438x295.png\" width=\"438\" height=\"295\" alt=\"\" title=\"Grup Seven homenatge germans Marquez Cervera seguretat privada 3\" aria-label=\"Grup Seven homenatge germans Marquez Cervera seguretat privada 3\" class=\"img-responsive wp-image-5478 fusion-gallery-image-size-fixed\"  \/><\/a><\/div><\/div><div style=\"padding:5px;\" class=\"fusion-grid-column fusion-gallery-column fusion-gallery-column-3 hover-type-none\"><div class=\"fusion-gallery-image\"><a href=\"https:\/\/grupsevenlleida.com\/wp-content\/uploads\/2025\/11\/Grup-Seven-homenatge-germans-Marquez-Cervera-seguretat-privada-2.png\" rel=\"noreferrer\" data-rel=\"iLightbox[gallery_image_1]\" class=\"fusion-lightbox\" target=\"_self\"><img decoding=\"async\" src=\"https:\/\/grupsevenlleida.com\/wp-content\/uploads\/2025\/11\/Grup-Seven-homenatge-germans-Marquez-Cervera-seguretat-privada-2-460x295.png\" width=\"460\" height=\"295\" alt=\"\" title=\"Grup Seven homenatge germans Marquez Cervera seguretat privada 2\" aria-label=\"Grup Seven homenatge germans Marquez Cervera seguretat privada 2\" class=\"img-responsive wp-image-5476 fusion-gallery-image-size-fixed\"  \/><\/a><\/div><\/div><div style=\"padding:5px;\" class=\"fusion-grid-column fusion-gallery-column fusion-gallery-column-3 hover-type-none\"><div class=\"fusion-gallery-image\"><a href=\"https:\/\/grupsevenlleida.com\/wp-content\/uploads\/2025\/11\/Grup-Seven-homenatge-germans-Marquez-Cervera-seguretat-privada-1-seguretat.png\" rel=\"noreferrer\" data-rel=\"iLightbox[gallery_image_1]\" class=\"fusion-lightbox\" target=\"_self\"><img decoding=\"async\" src=\"https:\/\/grupsevenlleida.com\/wp-content\/uploads\/2025\/11\/Grup-Seven-homenatge-germans-Marquez-Cervera-seguretat-privada-1-seguretat-460x295.png\" width=\"460\" height=\"295\" alt=\"\" title=\"Grup Seven homenatge germans Marquez Cervera seguretat privada 1 seguretat\" aria-label=\"Grup Seven homenatge germans Marquez Cervera seguretat privada 1 seguretat\" class=\"img-responsive wp-image-5474 fusion-gallery-image-size-fixed\"  \/><\/a><\/div><\/div><div class=\"clearfix\"><\/div><\/div><\/div><\/div><style type=\"text\/css\">.fusion-body .fusion-builder-column-1{width:100% !important;margin-top : 0px;margin-bottom : 20px;}.fusion-builder-column-1 > .fusion-column-wrapper {padding-top : 0px !important;padding-right : 0px !important;margin-right : 10px;padding-bottom : 0px !important;padding-left : 0px !important;margin-left : 10px;}@media only screen and (max-width:1024px) {.fusion-body .fusion-builder-column-1{width:100% !important;order : 0;}.fusion-builder-column-1 > .fusion-column-wrapper {margin-right : 10px;margin-left : 10px;}}@media only screen and (max-width:640px) {.fusion-body .fusion-builder-column-1{width:100% !important;order : 0;}.fusion-builder-column-1 > .fusion-column-wrapper {margin-right : 0px;margin-left : 0px;}}<\/style><\/div><div class=\"fusion-layout-column fusion_builder_column fusion-builder-column-2 fusion_builder_column_1_1 1_1 fusion-flex-column\"><div class=\"fusion-column-wrapper fusion-flex-justify-content-flex-start fusion-content-layout-column\" style=\"background-image: url(&#039;https:\/\/grupsevenlleida.com\/wp-content\/uploads\/2025\/11\/Grup-Seven-homenatge-germans-Marquez-Cervera-seguretat-privada-1-seguretat.png&#039;);background-position:center center;background-blend-mode: multiply;background-repeat:no-repeat;-webkit-background-size:cover;-moz-background-size:cover;-o-background-size:cover;background-size:cover;background-color:var(--awb-color6);padding: 0px 0px 0px 0px;\" data-bg-url=\"https:\/\/grupsevenlleida.com\/wp-content\/uploads\/2025\/11\/Grup-Seven-homenatge-germans-Marquez-Cervera-seguretat-privada-1-seguretat.png\"><style type=\"text\/css\">.fusion-gallery-2 .fusion-gallery-image {border:0px solid var(--awb-color3);}.fusion-gallery.fusion-gallery-2 .fusion-gallery-image img{aspect-ratio:1 \/ 1;}<\/style><div class=\"awb-gallery-wrapper awb-gallery-wrapper-2 button-span-no\" style=\"--more-btn-alignment:center;\"><div class=\"fusion-gallery fusion-gallery-container fusion-grid-3 fusion-columns-total-0 fusion-gallery-layout-grid fusion-gallery-2 has-aspect-ratio\" style=\"margin:-5px;\"><\/div><\/div><\/div><style type=\"text\/css\">.fusion-body .fusion-builder-column-2{width:100% !important;margin-top : 0px;margin-bottom : 20px;}.fusion-builder-column-2 > .fusion-column-wrapper {padding-top : 0px !important;padding-right : 0px !important;margin-right : 10px;padding-bottom : 0px !important;padding-left : 0px !important;margin-left : 10px;}@media only screen and (max-width:1024px) {.fusion-body .fusion-builder-column-2{width:100% !important;order : 0;}.fusion-builder-column-2 > .fusion-column-wrapper {margin-right : 10px;margin-left : 10px;}}@media only screen and (max-width:640px) {.fusion-body .fusion-builder-column-2{width:100% !important;order : 0;}.fusion-builder-column-2 > .fusion-column-wrapper {margin-right : 0px;margin-left : 0px;}}<\/style><\/div><\/div><style type=\"text\/css\">.fusion-body .fusion-flex-container.fusion-builder-row-1{ padding-top : 0px;margin-top : 0px;padding-right : 0px;padding-bottom : 0px;margin-bottom : 0px;padding-left : 0px;}<\/style><\/div>\n","protected":false},"excerpt":{"rendered":"<p>Vestibulum ante ipsum primis in faucibus orci luctus et ultrices posuere.<\/p>\n","protected":false},"author":1,"featured_media":5474,"comment_status":"closed","ping_status":"closed","sticky":false,"template":"","format":"standard","meta":{"footnotes":""},"categories":[70],"tags":[981,309,979,73,946,74,982,248,987,986,113,76,77,78,310,312,308],"class_list":["post-5471","post","type-post","status-publish","format-standard","has-post-thumbnail","hentry","category-noticia-ca","tag-alex-marquez","tag-auxiliars-de-servei","tag-cervera","tag-grup-seven-ca","tag-guardia-civil-ca","tag-lleida-ca","tag-marc-marquez","tag-mossos-esquadra-ca","tag-moto-gp","tag-motociclisme","tag-seguretat-privada-lleida-ca","tag-seguridad-privada-ca","tag-seven-ponent-ca","tag-seven-seguretat-ca","tag-vigilancia-canina","tag-vigilancia-de-seguretat-amb-gos","tag-vigilants-seguretat"],"yoast_head":"<!-- This site is optimized with the Yoast SEO plugin v26.1.1 - https:\/\/yoast.com\/wordpress\/plugins\/seo\/ -->\n<title>Grup Seven, encarregat de la seguretat privada del multitudinari homenatge als germans M\u00e1rquez a Cervera - Grup Seven<\/title>\n<meta name=\"description\" content=\"Un equip de vigilants i auxiliars de servei de Grup Seven encarregats de la seguretat privada de la festa homenatge als germans Marquez\" \/>\n<meta name=\"robots\" content=\"index, follow, max-snippet:-1, max-image-preview:large, max-video-preview:-1\" \/>\n<link rel=\"canonical\" href=\"https:\/\/grupsevenlleida.com\/ca\/grup-seven-encarregat-de-la-seguretat-privada-del-multitudinari-homenatge-als-germans-marquez-a-cervera\/\" \/>\n<meta property=\"og:locale\" content=\"ca_ES\" \/>\n<meta property=\"og:type\" content=\"article\" \/>\n<meta property=\"og:title\" content=\"Grup Seven, encarregat de la seguretat privada del multitudinari homenatge als germans M\u00e1rquez a Cervera - Grup Seven\" \/>\n<meta property=\"og:description\" content=\"Un equip de vigilants i auxiliars de servei de Grup Seven encarregats de la seguretat privada de la festa homenatge als germans Marquez\" \/>\n<meta property=\"og:url\" content=\"https:\/\/grupsevenlleida.com\/ca\/grup-seven-encarregat-de-la-seguretat-privada-del-multitudinari-homenatge-als-germans-marquez-a-cervera\/\" \/>\n<meta property=\"og:site_name\" content=\"Grup Seven\" \/>\n<meta property=\"article:published_time\" content=\"2025-11-24T14:53:13+00:00\" \/>\n<meta property=\"article:modified_time\" content=\"2025-11-24T15:07:54+00:00\" \/>\n<meta property=\"og:image\" content=\"https:\/\/grupsevenlleida.com\/wp-content\/uploads\/2025\/11\/Grup-Seven-homenatge-germans-Marquez-Cervera-seguretat-privada-1-seguretat.png\" \/>\n\t<meta property=\"og:image:width\" content=\"510\" \/>\n\t<meta property=\"og:image:height\" content=\"677\" \/>\n\t<meta property=\"og:image:type\" content=\"image\/png\" \/>\n<meta name=\"author\" content=\"admin\" \/>\n<meta name=\"twitter:card\" content=\"summary_large_image\" \/>\n<meta name=\"twitter:label1\" content=\"Escrit per\" \/>\n\t<meta name=\"twitter:data1\" content=\"admin\" \/>\n\t<meta name=\"twitter:label2\" content=\"Temps estimat de lectura\" \/>\n\t<meta name=\"twitter:data2\" content=\"7 minuts\" \/>\n<script type=\"application\/ld+json\" class=\"yoast-schema-graph\">{\"@context\":\"https:\/\/schema.org\",\"@graph\":[{\"@type\":\"WebPage\",\"@id\":\"https:\/\/grupsevenlleida.com\/ca\/grup-seven-encarregat-de-la-seguretat-privada-del-multitudinari-homenatge-als-germans-marquez-a-cervera\/\",\"url\":\"https:\/\/grupsevenlleida.com\/ca\/grup-seven-encarregat-de-la-seguretat-privada-del-multitudinari-homenatge-als-germans-marquez-a-cervera\/\",\"name\":\"Grup Seven, encarregat de la seguretat privada del multitudinari homenatge als germans M\u00e1rquez a Cervera - Grup Seven\",\"isPartOf\":{\"@id\":\"https:\/\/grupsevenlleida.com\/#website\"},\"primaryImageOfPage\":{\"@id\":\"https:\/\/grupsevenlleida.com\/ca\/grup-seven-encarregat-de-la-seguretat-privada-del-multitudinari-homenatge-als-germans-marquez-a-cervera\/#primaryimage\"},\"image\":{\"@id\":\"https:\/\/grupsevenlleida.com\/ca\/grup-seven-encarregat-de-la-seguretat-privada-del-multitudinari-homenatge-als-germans-marquez-a-cervera\/#primaryimage\"},\"thumbnailUrl\":\"https:\/\/grupsevenlleida.com\/wp-content\/uploads\/2025\/11\/Grup-Seven-homenatge-germans-Marquez-Cervera-seguretat-privada-1-seguretat.png\",\"datePublished\":\"2025-11-24T14:53:13+00:00\",\"dateModified\":\"2025-11-24T15:07:54+00:00\",\"author\":{\"@id\":\"https:\/\/grupsevenlleida.com\/#\/schema\/person\/357e8123ef13664579270ffb1bd12374\"},\"description\":\"Un equip de vigilants i auxiliars de servei de Grup Seven encarregats de la seguretat privada de la festa homenatge als germans Marquez\",\"breadcrumb\":{\"@id\":\"https:\/\/grupsevenlleida.com\/ca\/grup-seven-encarregat-de-la-seguretat-privada-del-multitudinari-homenatge-als-germans-marquez-a-cervera\/#breadcrumb\"},\"inLanguage\":\"ca\",\"potentialAction\":[{\"@type\":\"ReadAction\",\"target\":[\"https:\/\/grupsevenlleida.com\/ca\/grup-seven-encarregat-de-la-seguretat-privada-del-multitudinari-homenatge-als-germans-marquez-a-cervera\/\"]}]},{\"@type\":\"ImageObject\",\"inLanguage\":\"ca\",\"@id\":\"https:\/\/grupsevenlleida.com\/ca\/grup-seven-encarregat-de-la-seguretat-privada-del-multitudinari-homenatge-als-germans-marquez-a-cervera\/#primaryimage\",\"url\":\"https:\/\/grupsevenlleida.com\/wp-content\/uploads\/2025\/11\/Grup-Seven-homenatge-germans-Marquez-Cervera-seguretat-privada-1-seguretat.png\",\"contentUrl\":\"https:\/\/grupsevenlleida.com\/wp-content\/uploads\/2025\/11\/Grup-Seven-homenatge-germans-Marquez-Cervera-seguretat-privada-1-seguretat.png\",\"width\":510,\"height\":677},{\"@type\":\"BreadcrumbList\",\"@id\":\"https:\/\/grupsevenlleida.com\/ca\/grup-seven-encarregat-de-la-seguretat-privada-del-multitudinari-homenatge-als-germans-marquez-a-cervera\/#breadcrumb\",\"itemListElement\":[{\"@type\":\"ListItem\",\"position\":1,\"name\":\"Home\",\"item\":\"https:\/\/grupsevenlleida.com\/ca\/\"},{\"@type\":\"ListItem\",\"position\":2,\"name\":\"Grup Seven, encarregat de la seguretat privada del multitudinari homenatge als germans M\u00e1rquez a Cervera\"}]},{\"@type\":\"WebSite\",\"@id\":\"https:\/\/grupsevenlleida.com\/#website\",\"url\":\"https:\/\/grupsevenlleida.com\/\",\"name\":\"Grup Seven\",\"description\":\"Seguretat privada a Lleida\",\"potentialAction\":[{\"@type\":\"SearchAction\",\"target\":{\"@type\":\"EntryPoint\",\"urlTemplate\":\"https:\/\/grupsevenlleida.com\/?s={search_term_string}\"},\"query-input\":{\"@type\":\"PropertyValueSpecification\",\"valueRequired\":true,\"valueName\":\"search_term_string\"}}],\"inLanguage\":\"ca\"},{\"@type\":\"Person\",\"@id\":\"https:\/\/grupsevenlleida.com\/#\/schema\/person\/357e8123ef13664579270ffb1bd12374\",\"name\":\"admin\",\"image\":{\"@type\":\"ImageObject\",\"inLanguage\":\"ca\",\"@id\":\"https:\/\/grupsevenlleida.com\/#\/schema\/person\/image\/\",\"url\":\"https:\/\/secure.gravatar.com\/avatar\/3d8771e958295f415804336505f0c6faebfe16c066754f8f90e0b5a1023ffc77?s=96&d=mm&r=g\",\"contentUrl\":\"https:\/\/secure.gravatar.com\/avatar\/3d8771e958295f415804336505f0c6faebfe16c066754f8f90e0b5a1023ffc77?s=96&d=mm&r=g\",\"caption\":\"admin\"},\"sameAs\":[\"https:\/\/grupsevenlleida.com\"],\"url\":\"https:\/\/grupsevenlleida.com\/ca\/author\/jordi_6572h63p\/\"}]}<\/script>\n<!-- \/ Yoast SEO plugin. -->","yoast_head_json":{"title":"Grup Seven, encarregat de la seguretat privada del multitudinari homenatge als germans M\u00e1rquez a Cervera - Grup Seven","description":"Un equip de vigilants i auxiliars de servei de Grup Seven encarregats de la seguretat privada de la festa homenatge als germans Marquez","robots":{"index":"index","follow":"follow","max-snippet":"max-snippet:-1","max-image-preview":"max-image-preview:large","max-video-preview":"max-video-preview:-1"},"canonical":"https:\/\/grupsevenlleida.com\/ca\/grup-seven-encarregat-de-la-seguretat-privada-del-multitudinari-homenatge-als-germans-marquez-a-cervera\/","og_locale":"ca_ES","og_type":"article","og_title":"Grup Seven, encarregat de la seguretat privada del multitudinari homenatge als germans M\u00e1rquez a Cervera - Grup Seven","og_description":"Un equip de vigilants i auxiliars de servei de Grup Seven encarregats de la seguretat privada de la festa homenatge als germans Marquez","og_url":"https:\/\/grupsevenlleida.com\/ca\/grup-seven-encarregat-de-la-seguretat-privada-del-multitudinari-homenatge-als-germans-marquez-a-cervera\/","og_site_name":"Grup Seven","article_published_time":"2025-11-24T14:53:13+00:00","article_modified_time":"2025-11-24T15:07:54+00:00","og_image":[{"width":510,"height":677,"url":"https:\/\/grupsevenlleida.com\/wp-content\/uploads\/2025\/11\/Grup-Seven-homenatge-germans-Marquez-Cervera-seguretat-privada-1-seguretat.png","type":"image\/png"}],"author":"admin","twitter_card":"summary_large_image","twitter_misc":{"Escrit per":"admin","Temps estimat de lectura":"7 minuts"},"schema":{"@context":"https:\/\/schema.org","@graph":[{"@type":"WebPage","@id":"https:\/\/grupsevenlleida.com\/ca\/grup-seven-encarregat-de-la-seguretat-privada-del-multitudinari-homenatge-als-germans-marquez-a-cervera\/","url":"https:\/\/grupsevenlleida.com\/ca\/grup-seven-encarregat-de-la-seguretat-privada-del-multitudinari-homenatge-als-germans-marquez-a-cervera\/","name":"Grup Seven, encarregat de la seguretat privada del multitudinari homenatge als germans M\u00e1rquez a Cervera - Grup Seven","isPartOf":{"@id":"https:\/\/grupsevenlleida.com\/#website"},"primaryImageOfPage":{"@id":"https:\/\/grupsevenlleida.com\/ca\/grup-seven-encarregat-de-la-seguretat-privada-del-multitudinari-homenatge-als-germans-marquez-a-cervera\/#primaryimage"},"image":{"@id":"https:\/\/grupsevenlleida.com\/ca\/grup-seven-encarregat-de-la-seguretat-privada-del-multitudinari-homenatge-als-germans-marquez-a-cervera\/#primaryimage"},"thumbnailUrl":"https:\/\/grupsevenlleida.com\/wp-content\/uploads\/2025\/11\/Grup-Seven-homenatge-germans-Marquez-Cervera-seguretat-privada-1-seguretat.png","datePublished":"2025-11-24T14:53:13+00:00","dateModified":"2025-11-24T15:07:54+00:00","author":{"@id":"https:\/\/grupsevenlleida.com\/#\/schema\/person\/357e8123ef13664579270ffb1bd12374"},"description":"Un equip de vigilants i auxiliars de servei de Grup Seven encarregats de la seguretat privada de la festa homenatge als germans Marquez","breadcrumb":{"@id":"https:\/\/grupsevenlleida.com\/ca\/grup-seven-encarregat-de-la-seguretat-privada-del-multitudinari-homenatge-als-germans-marquez-a-cervera\/#breadcrumb"},"inLanguage":"ca","potentialAction":[{"@type":"ReadAction","target":["https:\/\/grupsevenlleida.com\/ca\/grup-seven-encarregat-de-la-seguretat-privada-del-multitudinari-homenatge-als-germans-marquez-a-cervera\/"]}]},{"@type":"ImageObject","inLanguage":"ca","@id":"https:\/\/grupsevenlleida.com\/ca\/grup-seven-encarregat-de-la-seguretat-privada-del-multitudinari-homenatge-als-germans-marquez-a-cervera\/#primaryimage","url":"https:\/\/grupsevenlleida.com\/wp-content\/uploads\/2025\/11\/Grup-Seven-homenatge-germans-Marquez-Cervera-seguretat-privada-1-seguretat.png","contentUrl":"https:\/\/grupsevenlleida.com\/wp-content\/uploads\/2025\/11\/Grup-Seven-homenatge-germans-Marquez-Cervera-seguretat-privada-1-seguretat.png","width":510,"height":677},{"@type":"BreadcrumbList","@id":"https:\/\/grupsevenlleida.com\/ca\/grup-seven-encarregat-de-la-seguretat-privada-del-multitudinari-homenatge-als-germans-marquez-a-cervera\/#breadcrumb","itemListElement":[{"@type":"ListItem","position":1,"name":"Home","item":"https:\/\/grupsevenlleida.com\/ca\/"},{"@type":"ListItem","position":2,"name":"Grup Seven, encarregat de la seguretat privada del multitudinari homenatge als germans M\u00e1rquez a Cervera"}]},{"@type":"WebSite","@id":"https:\/\/grupsevenlleida.com\/#website","url":"https:\/\/grupsevenlleida.com\/","name":"Grup Seven","description":"Seguretat privada a Lleida","potentialAction":[{"@type":"SearchAction","target":{"@type":"EntryPoint","urlTemplate":"https:\/\/grupsevenlleida.com\/?s={search_term_string}"},"query-input":{"@type":"PropertyValueSpecification","valueRequired":true,"valueName":"search_term_string"}}],"inLanguage":"ca"},{"@type":"Person","@id":"https:\/\/grupsevenlleida.com\/#\/schema\/person\/357e8123ef13664579270ffb1bd12374","name":"admin","image":{"@type":"ImageObject","inLanguage":"ca","@id":"https:\/\/grupsevenlleida.com\/#\/schema\/person\/image\/","url":"https:\/\/secure.gravatar.com\/avatar\/3d8771e958295f415804336505f0c6faebfe16c066754f8f90e0b5a1023ffc77?s=96&d=mm&r=g","contentUrl":"https:\/\/secure.gravatar.com\/avatar\/3d8771e958295f415804336505f0c6faebfe16c066754f8f90e0b5a1023ffc77?s=96&d=mm&r=g","caption":"admin"},"sameAs":["https:\/\/grupsevenlleida.com"],"url":"https:\/\/grupsevenlleida.com\/ca\/author\/jordi_6572h63p\/"}]}},"_links":{"self":[{"href":"https:\/\/grupsevenlleida.com\/ca\/wp-json\/wp\/v2\/posts\/5471","targetHints":{"allow":["GET"]}}],"collection":[{"href":"https:\/\/grupsevenlleida.com\/ca\/wp-json\/wp\/v2\/posts"}],"about":[{"href":"https:\/\/grupsevenlleida.com\/ca\/wp-json\/wp\/v2\/types\/post"}],"author":[{"embeddable":true,"href":"https:\/\/grupsevenlleida.com\/ca\/wp-json\/wp\/v2\/users\/1"}],"replies":[{"embeddable":true,"href":"https:\/\/grupsevenlleida.com\/ca\/wp-json\/wp\/v2\/comments?post=5471"}],"version-history":[{"count":2,"href":"https:\/\/grupsevenlleida.com\/ca\/wp-json\/wp\/v2\/posts\/5471\/revisions"}],"predecessor-version":[{"id":5481,"href":"https:\/\/grupsevenlleida.com\/ca\/wp-json\/wp\/v2\/posts\/5471\/revisions\/5481"}],"wp:featuredmedia":[{"embeddable":true,"href":"https:\/\/grupsevenlleida.com\/ca\/wp-json\/wp\/v2\/media\/5474"}],"wp:attachment":[{"href":"https:\/\/grupsevenlleida.com\/ca\/wp-json\/wp\/v2\/media?parent=5471"}],"wp:term":[{"taxonomy":"category","embeddable":true,"href":"https:\/\/grupsevenlleida.com\/ca\/wp-json\/wp\/v2\/categories?post=5471"},{"taxonomy":"post_tag","embeddable":true,"href":"https:\/\/grupsevenlleida.com\/ca\/wp-json\/wp\/v2\/tags?post=5471"}],"curies":[{"name":"wp","href":"https:\/\/api.w.org\/{rel}","templated":true}]}}