{"id":5489,"date":"2025-11-25T10:32:09","date_gmt":"2025-11-25T09:32:09","guid":{"rendered":"https:\/\/grupsevenlleida.com\/?p=5489"},"modified":"2025-11-25T10:33:30","modified_gmt":"2025-11-25T09:33:30","slug":"grup-seven-es-posiciona-al-costat-de-les-dones-en-la-lluita-contra-la-violencia-digital","status":"publish","type":"post","link":"https:\/\/grupsevenlleida.com\/ca\/grup-seven-es-posiciona-al-costat-de-les-dones-en-la-lluita-contra-la-violencia-digital\/","title":{"rendered":"Grup Seven es posiciona al costat de les dones en la lluita contra la viol\u00e8ncia digital"},"content":{"rendered":"<div class=\"fusion-fullwidth fullwidth-box fusion-builder-row-1 fusion-flex-container has-pattern-background has-mask-background nonhundred-percent-fullwidth non-hundred-percent-height-scrolling\" style=\"background-color: rgba(255,255,255,0);background-position: center center;background-repeat: no-repeat;border-width: 0px 0px 0px 0px;border-color:var(--awb-color3);border-style:solid;\" ><div class=\"fusion-builder-row fusion-row fusion-flex-align-items-flex-start\" style=\"max-width:calc( 1200px + 0px );margin-left: calc(-0px \/ 2 );margin-right: calc(-0px \/ 2 );\"><div class=\"fusion-layout-column fusion_builder_column fusion-builder-column-0 fusion_builder_column_5_6 5_6 fusion-flex-column fusion-animated\" data-animationType=\"fadeIn\" data-animationDuration=\"1.0\" data-animationOffset=\"top-into-view\"><div class=\"fusion-column-wrapper fusion-flex-justify-content-flex-start fusion-content-layout-column\" style=\"background-position:left top;background-repeat:no-repeat;-webkit-background-size:cover;-moz-background-size:cover;-o-background-size:cover;background-size:cover;padding: 0px 0px 0px 0px;\"><div class=\"fusion-text fusion-text-1 fusion-text-no-margin\" style=\"text-align:left;\"><h5 data-start=\"1314\" data-end=\"1584\">Amb motiu del 25 de novembre, Dia Internacional per a l\u2019Eliminaci\u00f3 de la Viol\u00e8ncia vers les Dones, Grup Seven reafirma el seu comprom\u00eds per erradicar totes les formes de viol\u00e8ncia, inclosa la digital, reconeguda cada cop m\u00e9s com una amena\u00e7a real i present.<\/h5>\n<p data-start=\"1314\" data-end=\"1584\">Cada 25 de novembre, el m\u00f3n commemora el Dia Internacional per a l&#8217;Eliminaci\u00f3 de la Viol\u00e8ncia vers les Dones, una jornada per denunciar la viol\u00e8ncia sistem\u00e0tica que encara avui pateixen milions de dones i nenes arreu del planeta. Segons dades de Nacions Unides, una de cada tres dones ha patit viol\u00e8ncia f\u00edsica o sexual al llarg de la seva vida, una realitat esfere\u00efdora que cal combatre des de tots els fronts.<\/p>\n<p data-start=\"2024\" data-end=\"2515\">Aquest 2025, la campanya global se centra en una de les formes de viol\u00e8ncia m\u00e9s creixents i sovint invisibles: <strong data-start=\"2135\" data-end=\"2159\">la viol\u00e8ncia digital<\/strong>. Les eines tecnol\u00f2giques, malgrat els seus beneficis, han esdevingut tamb\u00e9 un instrument per al control, l\u2019assetjament i l\u2019agressi\u00f3 cap a les dones. Aquest ab\u00fas inclou el ciberassetjament, la divulgaci\u00f3 no consentida d\u2019imatges \u00edntimes, l&#8217;\u00fas de la intel\u00b7lig\u00e8ncia artificial per manipular continguts sexuals, les amenaces i el discurs d&#8217;odi, entre d&#8217;altres.<\/p>\n<p data-start=\"2517\" data-end=\"3066\">Des de <strong data-start=\"2524\" data-end=\"2538\">Grup Seven<\/strong>, empresa especialitzada en seguretat privada, serveis auxiliars i control d\u2019accessos, es denuncia aquesta situaci\u00f3 i s\u2019aposta per mesures concretes per tal de prevenir-la. \u201cLa nostra responsabilitat \u00e9s protegir les persones en tots els \u00e0mbits\u201d. Grup Seven treballa des de fa anys en la <strong data-start=\"2874\" data-end=\"2910\">formaci\u00f3 dels seus professionals<\/strong> i en el <strong data-start=\"2919\" data-end=\"2997\">disseny de protocols d\u2019actuaci\u00f3 contra situacions d\u2019agressi\u00f3 o assetjament<\/strong>, tant en esdeveniments com en espais d\u2019oci o institucions p\u00fabliques.<\/p>\n<p data-start=\"3445\" data-end=\"3808\">\u201c<strong data-start=\"3446\" data-end=\"3465\">No hi ha excusa<\/strong> per a l\u2019ab\u00fas en l\u00ednia. Hem d\u2019actuar amb la mateixa contund\u00e8ncia que ho far\u00edem davant una agressi\u00f3 f\u00edsica\u201d Amb aquesta declaraci\u00f3, l\u2019empresa lleidatana vol refor\u00e7ar la idea que <strong data-start=\"3688\" data-end=\"3741\">la viol\u00e8ncia digital tamb\u00e9 mata, a\u00eflla i silencia<\/strong>, i que la seva erradicaci\u00f3 \u00e9s una <strong data-start=\"3776\" data-end=\"3807\">responsabilitat col\u00b7lectiva<\/strong>.<\/p>\n<\/div><\/div><style type=\"text\/css\">.fusion-body .fusion-builder-column-0{width:83.333333333333% !important;margin-top : 0px;margin-bottom : 80px;}.fusion-builder-column-0 > .fusion-column-wrapper {padding-top : 0px !important;padding-right : 0px !important;margin-right : 0px;padding-bottom : 0px !important;padding-left : 0px !important;margin-left : 0px;}@media only screen and (max-width:1024px) {.fusion-body .fusion-builder-column-0{width:83.333333333333% !important;order : 0;margin-bottom : 70px;}.fusion-builder-column-0 > .fusion-column-wrapper {margin-right : 0px;margin-left : 0px;}}@media only screen and (max-width:640px) {.fusion-body .fusion-builder-column-0{width:100% !important;order : 0;margin-bottom : 50px;}.fusion-builder-column-0 > .fusion-column-wrapper {margin-right : 0px;margin-left : 0px;}}<\/style><\/div><div class=\"fusion-layout-column fusion_builder_column fusion-builder-column-1 fusion_builder_column_1_1 1_1 fusion-flex-column\"><div class=\"fusion-column-wrapper fusion-flex-justify-content-flex-start fusion-content-layout-column\" style=\"background-position:center center;background-blend-mode: multiply;background-repeat:no-repeat;-webkit-background-size:cover;-moz-background-size:cover;-o-background-size:cover;background-size:cover;background-color:var(--awb-color1);padding: 0px 0px 0px 0px;\"><style type=\"text\/css\">.fusion-gallery-1 .fusion-gallery-image {border:0px solid var(--awb-color3);}.fusion-gallery.fusion-gallery-1 .fusion-gallery-image img{aspect-ratio:1 \/ 1;}<\/style><div class=\"awb-gallery-wrapper awb-gallery-wrapper-1 button-span-no\" style=\"--more-btn-alignment:center;\"><div class=\"fusion-gallery fusion-gallery-container fusion-grid-3 fusion-columns-total-3 fusion-gallery-layout-grid fusion-gallery-1 has-aspect-ratio\" style=\"margin:-5px;\"><div style=\"padding:5px;\" class=\"fusion-grid-column fusion-gallery-column fusion-gallery-column-3 hover-type-none\"><div class=\"fusion-gallery-image\"><a href=\"https:\/\/grupsevenlleida.com\/wp-content\/uploads\/2025\/11\/Grup-Seven-homenatge-germans-Marquez-Cervera-seguretat-privada-3.png\" rel=\"noreferrer\" data-rel=\"iLightbox[gallery_image_1]\" class=\"fusion-lightbox\" target=\"_self\"><img decoding=\"async\" src=\"https:\/\/grupsevenlleida.com\/wp-content\/uploads\/2025\/11\/Grup-Seven-homenatge-germans-Marquez-Cervera-seguretat-privada-3-438x295.png\" width=\"438\" height=\"295\" alt=\"\" title=\"Grup Seven homenatge germans Marquez Cervera seguretat privada 3\" aria-label=\"Grup Seven homenatge germans Marquez Cervera seguretat privada 3\" class=\"img-responsive wp-image-5478 fusion-gallery-image-size-fixed\"  \/><\/a><\/div><\/div><div style=\"padding:5px;\" class=\"fusion-grid-column fusion-gallery-column fusion-gallery-column-3 hover-type-none\"><div class=\"fusion-gallery-image\"><a href=\"https:\/\/grupsevenlleida.com\/wp-content\/uploads\/2025\/11\/Grup-Seven-homenatge-germans-Marquez-Cervera-seguretat-privada-2.png\" rel=\"noreferrer\" data-rel=\"iLightbox[gallery_image_1]\" class=\"fusion-lightbox\" target=\"_self\"><img decoding=\"async\" src=\"https:\/\/grupsevenlleida.com\/wp-content\/uploads\/2025\/11\/Grup-Seven-homenatge-germans-Marquez-Cervera-seguretat-privada-2-460x295.png\" width=\"460\" height=\"295\" alt=\"\" title=\"Grup Seven homenatge germans Marquez Cervera seguretat privada 2\" aria-label=\"Grup Seven homenatge germans Marquez Cervera seguretat privada 2\" class=\"img-responsive wp-image-5476 fusion-gallery-image-size-fixed\"  \/><\/a><\/div><\/div><div style=\"padding:5px;\" class=\"fusion-grid-column fusion-gallery-column fusion-gallery-column-3 hover-type-none\"><div class=\"fusion-gallery-image\"><a href=\"https:\/\/grupsevenlleida.com\/wp-content\/uploads\/2025\/11\/Grup-Seven-homenatge-germans-Marquez-Cervera-seguretat-privada-1-seguretat.png\" rel=\"noreferrer\" data-rel=\"iLightbox[gallery_image_1]\" class=\"fusion-lightbox\" target=\"_self\"><img decoding=\"async\" src=\"https:\/\/grupsevenlleida.com\/wp-content\/uploads\/2025\/11\/Grup-Seven-homenatge-germans-Marquez-Cervera-seguretat-privada-1-seguretat-460x295.png\" width=\"460\" height=\"295\" alt=\"\" title=\"Grup Seven homenatge germans Marquez Cervera seguretat privada 1 seguretat\" aria-label=\"Grup Seven homenatge germans Marquez Cervera seguretat privada 1 seguretat\" class=\"img-responsive wp-image-5474 fusion-gallery-image-size-fixed\"  \/><\/a><\/div><\/div><div class=\"clearfix\"><\/div><\/div><\/div><\/div><style type=\"text\/css\">.fusion-body .fusion-builder-column-1{width:100% !important;margin-top : 0px;margin-bottom : 20px;}.fusion-builder-column-1 > .fusion-column-wrapper {padding-top : 0px !important;padding-right : 0px !important;margin-right : 10px;padding-bottom : 0px !important;padding-left : 0px !important;margin-left : 10px;}@media only screen and (max-width:1024px) {.fusion-body .fusion-builder-column-1{width:100% !important;order : 0;}.fusion-builder-column-1 > .fusion-column-wrapper {margin-right : 10px;margin-left : 10px;}}@media only screen and (max-width:640px) {.fusion-body .fusion-builder-column-1{width:100% !important;order : 0;}.fusion-builder-column-1 > .fusion-column-wrapper {margin-right : 0px;margin-left : 0px;}}<\/style><\/div><div class=\"fusion-layout-column fusion_builder_column fusion-builder-column-2 fusion_builder_column_1_1 1_1 fusion-flex-column\"><div class=\"fusion-column-wrapper fusion-flex-justify-content-flex-start fusion-content-layout-column\" style=\"background-image: url(&#039;https:\/\/grupsevenlleida.com\/wp-content\/uploads\/2025\/11\/Grup-Seven-25-de-novembre-dia-internacional-per-a-eliminacio-de-la-violencia-vers-les-dones.png&#039;);background-position:center center;background-blend-mode: multiply;background-repeat:no-repeat;-webkit-background-size:cover;-moz-background-size:cover;-o-background-size:cover;background-size:cover;background-color:var(--awb-color6);padding: 0px 0px 0px 0px;\" data-bg-url=\"https:\/\/grupsevenlleida.com\/wp-content\/uploads\/2025\/11\/Grup-Seven-25-de-novembre-dia-internacional-per-a-eliminacio-de-la-violencia-vers-les-dones.png\"><style type=\"text\/css\">.fusion-gallery-2 .fusion-gallery-image {border:0px solid var(--awb-color3);}.fusion-gallery.fusion-gallery-2 .fusion-gallery-image img{aspect-ratio:1 \/ 1;}<\/style><div class=\"awb-gallery-wrapper awb-gallery-wrapper-2 button-span-no\" style=\"--more-btn-alignment:center;\"><div class=\"fusion-gallery fusion-gallery-container fusion-grid-3 fusion-columns-total-0 fusion-gallery-layout-grid fusion-gallery-2 has-aspect-ratio\" style=\"margin:-5px;\"><\/div><\/div><\/div><style type=\"text\/css\">.fusion-body .fusion-builder-column-2{width:100% !important;margin-top : 0px;margin-bottom : 20px;}.fusion-builder-column-2 > .fusion-column-wrapper {padding-top : 0px !important;padding-right : 0px !important;margin-right : 10px;padding-bottom : 0px !important;padding-left : 0px !important;margin-left : 10px;}@media only screen and (max-width:1024px) {.fusion-body .fusion-builder-column-2{width:100% !important;order : 0;}.fusion-builder-column-2 > .fusion-column-wrapper {margin-right : 10px;margin-left : 10px;}}@media only screen and (max-width:640px) {.fusion-body .fusion-builder-column-2{width:100% !important;order : 0;}.fusion-builder-column-2 > .fusion-column-wrapper {margin-right : 0px;margin-left : 0px;}}<\/style><\/div><\/div><style type=\"text\/css\">.fusion-body .fusion-flex-container.fusion-builder-row-1{ padding-top : 0px;margin-top : 0px;padding-right : 0px;padding-bottom : 0px;margin-bottom : 0px;padding-left : 0px;}<\/style><\/div>\n","protected":false},"excerpt":{"rendered":"<p>Vestibulum ante ipsum primis in faucibus orci luctus et ultrices posuere.<\/p>\n","protected":false},"author":1,"featured_media":5486,"comment_status":"closed","ping_status":"closed","sticky":false,"template":"","format":"standard","meta":{"footnotes":""},"categories":[70],"tags":[309,73,74,248,113,76,77,78,310,312,308,988],"class_list":["post-5489","post","type-post","status-publish","format-standard","has-post-thumbnail","hentry","category-noticia-ca","tag-auxiliars-de-servei","tag-grup-seven-ca","tag-lleida-ca","tag-mossos-esquadra-ca","tag-seguretat-privada-lleida-ca","tag-seguridad-privada-ca","tag-seven-ponent-ca","tag-seven-seguretat-ca","tag-vigilancia-canina","tag-vigilancia-de-seguretat-amb-gos","tag-vigilants-seguretat","tag-violencia-contra-les-dones"],"yoast_head":"<!-- This site is optimized with the Yoast SEO plugin v26.1.1 - https:\/\/yoast.com\/wordpress\/plugins\/seo\/ -->\n<title>Grup Seven es posiciona al costat de les dones en la lluita contra la viol\u00e8ncia digital - Grup Seven<\/title>\n<meta name=\"description\" content=\"Des de Grup Seven ens sumem avui 25 de novembre al Dia Internacional per a l&#039;Eliminaci\u00f3 de la Viol\u00e8ncia vers les Dones.\" \/>\n<meta name=\"robots\" content=\"index, follow, max-snippet:-1, max-image-preview:large, max-video-preview:-1\" \/>\n<link rel=\"canonical\" href=\"https:\/\/grupsevenlleida.com\/ca\/grup-seven-es-posiciona-al-costat-de-les-dones-en-la-lluita-contra-la-violencia-digital\/\" \/>\n<meta property=\"og:locale\" content=\"ca_ES\" \/>\n<meta property=\"og:type\" content=\"article\" \/>\n<meta property=\"og:title\" content=\"Grup Seven es posiciona al costat de les dones en la lluita contra la viol\u00e8ncia digital - Grup Seven\" \/>\n<meta property=\"og:description\" content=\"Des de Grup Seven ens sumem avui 25 de novembre al Dia Internacional per a l&#039;Eliminaci\u00f3 de la Viol\u00e8ncia vers les Dones.\" \/>\n<meta property=\"og:url\" content=\"https:\/\/grupsevenlleida.com\/ca\/grup-seven-es-posiciona-al-costat-de-les-dones-en-la-lluita-contra-la-violencia-digital\/\" \/>\n<meta property=\"og:site_name\" content=\"Grup Seven\" \/>\n<meta property=\"article:published_time\" content=\"2025-11-25T09:32:09+00:00\" \/>\n<meta property=\"article:modified_time\" content=\"2025-11-25T09:33:30+00:00\" \/>\n<meta property=\"og:image\" content=\"https:\/\/grupsevenlleida.com\/wp-content\/uploads\/2025\/11\/Grup-Seven-25-de-novembre-dia-internacional-per-a-eliminacio-de-la-violencia-vers-les-dones.png\" \/>\n\t<meta property=\"og:image:width\" content=\"1080\" \/>\n\t<meta property=\"og:image:height\" content=\"1080\" \/>\n\t<meta property=\"og:image:type\" content=\"image\/png\" \/>\n<meta name=\"author\" content=\"admin\" \/>\n<meta name=\"twitter:card\" content=\"summary_large_image\" \/>\n<meta name=\"twitter:label1\" content=\"Escrit per\" \/>\n\t<meta name=\"twitter:data1\" content=\"admin\" \/>\n\t<meta name=\"twitter:label2\" content=\"Temps estimat de lectura\" \/>\n\t<meta name=\"twitter:data2\" content=\"5 minuts\" \/>\n<script type=\"application\/ld+json\" class=\"yoast-schema-graph\">{\"@context\":\"https:\/\/schema.org\",\"@graph\":[{\"@type\":\"WebPage\",\"@id\":\"https:\/\/grupsevenlleida.com\/ca\/grup-seven-es-posiciona-al-costat-de-les-dones-en-la-lluita-contra-la-violencia-digital\/\",\"url\":\"https:\/\/grupsevenlleida.com\/ca\/grup-seven-es-posiciona-al-costat-de-les-dones-en-la-lluita-contra-la-violencia-digital\/\",\"name\":\"Grup Seven es posiciona al costat de les dones en la lluita contra la viol\u00e8ncia digital - Grup Seven\",\"isPartOf\":{\"@id\":\"https:\/\/grupsevenlleida.com\/#website\"},\"primaryImageOfPage\":{\"@id\":\"https:\/\/grupsevenlleida.com\/ca\/grup-seven-es-posiciona-al-costat-de-les-dones-en-la-lluita-contra-la-violencia-digital\/#primaryimage\"},\"image\":{\"@id\":\"https:\/\/grupsevenlleida.com\/ca\/grup-seven-es-posiciona-al-costat-de-les-dones-en-la-lluita-contra-la-violencia-digital\/#primaryimage\"},\"thumbnailUrl\":\"https:\/\/grupsevenlleida.com\/wp-content\/uploads\/2025\/11\/Grup-Seven-25-de-novembre-dia-internacional-per-a-eliminacio-de-la-violencia-vers-les-dones.png\",\"datePublished\":\"2025-11-25T09:32:09+00:00\",\"dateModified\":\"2025-11-25T09:33:30+00:00\",\"author\":{\"@id\":\"https:\/\/grupsevenlleida.com\/#\/schema\/person\/357e8123ef13664579270ffb1bd12374\"},\"description\":\"Des de Grup Seven ens sumem avui 25 de novembre al Dia Internacional per a l'Eliminaci\u00f3 de la Viol\u00e8ncia vers les Dones.\",\"breadcrumb\":{\"@id\":\"https:\/\/grupsevenlleida.com\/ca\/grup-seven-es-posiciona-al-costat-de-les-dones-en-la-lluita-contra-la-violencia-digital\/#breadcrumb\"},\"inLanguage\":\"ca\",\"potentialAction\":[{\"@type\":\"ReadAction\",\"target\":[\"https:\/\/grupsevenlleida.com\/ca\/grup-seven-es-posiciona-al-costat-de-les-dones-en-la-lluita-contra-la-violencia-digital\/\"]}]},{\"@type\":\"ImageObject\",\"inLanguage\":\"ca\",\"@id\":\"https:\/\/grupsevenlleida.com\/ca\/grup-seven-es-posiciona-al-costat-de-les-dones-en-la-lluita-contra-la-violencia-digital\/#primaryimage\",\"url\":\"https:\/\/grupsevenlleida.com\/wp-content\/uploads\/2025\/11\/Grup-Seven-25-de-novembre-dia-internacional-per-a-eliminacio-de-la-violencia-vers-les-dones.png\",\"contentUrl\":\"https:\/\/grupsevenlleida.com\/wp-content\/uploads\/2025\/11\/Grup-Seven-25-de-novembre-dia-internacional-per-a-eliminacio-de-la-violencia-vers-les-dones.png\",\"width\":1080,\"height\":1080},{\"@type\":\"BreadcrumbList\",\"@id\":\"https:\/\/grupsevenlleida.com\/ca\/grup-seven-es-posiciona-al-costat-de-les-dones-en-la-lluita-contra-la-violencia-digital\/#breadcrumb\",\"itemListElement\":[{\"@type\":\"ListItem\",\"position\":1,\"name\":\"Home\",\"item\":\"https:\/\/grupsevenlleida.com\/ca\/\"},{\"@type\":\"ListItem\",\"position\":2,\"name\":\"Grup Seven es posiciona al costat de les dones en la lluita contra la viol\u00e8ncia digital\"}]},{\"@type\":\"WebSite\",\"@id\":\"https:\/\/grupsevenlleida.com\/#website\",\"url\":\"https:\/\/grupsevenlleida.com\/\",\"name\":\"Grup Seven\",\"description\":\"Seguretat privada a Lleida\",\"potentialAction\":[{\"@type\":\"SearchAction\",\"target\":{\"@type\":\"EntryPoint\",\"urlTemplate\":\"https:\/\/grupsevenlleida.com\/?s={search_term_string}\"},\"query-input\":{\"@type\":\"PropertyValueSpecification\",\"valueRequired\":true,\"valueName\":\"search_term_string\"}}],\"inLanguage\":\"ca\"},{\"@type\":\"Person\",\"@id\":\"https:\/\/grupsevenlleida.com\/#\/schema\/person\/357e8123ef13664579270ffb1bd12374\",\"name\":\"admin\",\"image\":{\"@type\":\"ImageObject\",\"inLanguage\":\"ca\",\"@id\":\"https:\/\/grupsevenlleida.com\/#\/schema\/person\/image\/\",\"url\":\"https:\/\/secure.gravatar.com\/avatar\/3d8771e958295f415804336505f0c6faebfe16c066754f8f90e0b5a1023ffc77?s=96&d=mm&r=g\",\"contentUrl\":\"https:\/\/secure.gravatar.com\/avatar\/3d8771e958295f415804336505f0c6faebfe16c066754f8f90e0b5a1023ffc77?s=96&d=mm&r=g\",\"caption\":\"admin\"},\"sameAs\":[\"https:\/\/grupsevenlleida.com\"],\"url\":\"https:\/\/grupsevenlleida.com\/ca\/author\/jordi_6572h63p\/\"}]}<\/script>\n<!-- \/ Yoast SEO plugin. -->","yoast_head_json":{"title":"Grup Seven es posiciona al costat de les dones en la lluita contra la viol\u00e8ncia digital - Grup Seven","description":"Des de Grup Seven ens sumem avui 25 de novembre al Dia Internacional per a l'Eliminaci\u00f3 de la Viol\u00e8ncia vers les Dones.","robots":{"index":"index","follow":"follow","max-snippet":"max-snippet:-1","max-image-preview":"max-image-preview:large","max-video-preview":"max-video-preview:-1"},"canonical":"https:\/\/grupsevenlleida.com\/ca\/grup-seven-es-posiciona-al-costat-de-les-dones-en-la-lluita-contra-la-violencia-digital\/","og_locale":"ca_ES","og_type":"article","og_title":"Grup Seven es posiciona al costat de les dones en la lluita contra la viol\u00e8ncia digital - Grup Seven","og_description":"Des de Grup Seven ens sumem avui 25 de novembre al Dia Internacional per a l'Eliminaci\u00f3 de la Viol\u00e8ncia vers les Dones.","og_url":"https:\/\/grupsevenlleida.com\/ca\/grup-seven-es-posiciona-al-costat-de-les-dones-en-la-lluita-contra-la-violencia-digital\/","og_site_name":"Grup Seven","article_published_time":"2025-11-25T09:32:09+00:00","article_modified_time":"2025-11-25T09:33:30+00:00","og_image":[{"width":1080,"height":1080,"url":"https:\/\/grupsevenlleida.com\/wp-content\/uploads\/2025\/11\/Grup-Seven-25-de-novembre-dia-internacional-per-a-eliminacio-de-la-violencia-vers-les-dones.png","type":"image\/png"}],"author":"admin","twitter_card":"summary_large_image","twitter_misc":{"Escrit per":"admin","Temps estimat de lectura":"5 minuts"},"schema":{"@context":"https:\/\/schema.org","@graph":[{"@type":"WebPage","@id":"https:\/\/grupsevenlleida.com\/ca\/grup-seven-es-posiciona-al-costat-de-les-dones-en-la-lluita-contra-la-violencia-digital\/","url":"https:\/\/grupsevenlleida.com\/ca\/grup-seven-es-posiciona-al-costat-de-les-dones-en-la-lluita-contra-la-violencia-digital\/","name":"Grup Seven es posiciona al costat de les dones en la lluita contra la viol\u00e8ncia digital - Grup Seven","isPartOf":{"@id":"https:\/\/grupsevenlleida.com\/#website"},"primaryImageOfPage":{"@id":"https:\/\/grupsevenlleida.com\/ca\/grup-seven-es-posiciona-al-costat-de-les-dones-en-la-lluita-contra-la-violencia-digital\/#primaryimage"},"image":{"@id":"https:\/\/grupsevenlleida.com\/ca\/grup-seven-es-posiciona-al-costat-de-les-dones-en-la-lluita-contra-la-violencia-digital\/#primaryimage"},"thumbnailUrl":"https:\/\/grupsevenlleida.com\/wp-content\/uploads\/2025\/11\/Grup-Seven-25-de-novembre-dia-internacional-per-a-eliminacio-de-la-violencia-vers-les-dones.png","datePublished":"2025-11-25T09:32:09+00:00","dateModified":"2025-11-25T09:33:30+00:00","author":{"@id":"https:\/\/grupsevenlleida.com\/#\/schema\/person\/357e8123ef13664579270ffb1bd12374"},"description":"Des de Grup Seven ens sumem avui 25 de novembre al Dia Internacional per a l'Eliminaci\u00f3 de la Viol\u00e8ncia vers les Dones.","breadcrumb":{"@id":"https:\/\/grupsevenlleida.com\/ca\/grup-seven-es-posiciona-al-costat-de-les-dones-en-la-lluita-contra-la-violencia-digital\/#breadcrumb"},"inLanguage":"ca","potentialAction":[{"@type":"ReadAction","target":["https:\/\/grupsevenlleida.com\/ca\/grup-seven-es-posiciona-al-costat-de-les-dones-en-la-lluita-contra-la-violencia-digital\/"]}]},{"@type":"ImageObject","inLanguage":"ca","@id":"https:\/\/grupsevenlleida.com\/ca\/grup-seven-es-posiciona-al-costat-de-les-dones-en-la-lluita-contra-la-violencia-digital\/#primaryimage","url":"https:\/\/grupsevenlleida.com\/wp-content\/uploads\/2025\/11\/Grup-Seven-25-de-novembre-dia-internacional-per-a-eliminacio-de-la-violencia-vers-les-dones.png","contentUrl":"https:\/\/grupsevenlleida.com\/wp-content\/uploads\/2025\/11\/Grup-Seven-25-de-novembre-dia-internacional-per-a-eliminacio-de-la-violencia-vers-les-dones.png","width":1080,"height":1080},{"@type":"BreadcrumbList","@id":"https:\/\/grupsevenlleida.com\/ca\/grup-seven-es-posiciona-al-costat-de-les-dones-en-la-lluita-contra-la-violencia-digital\/#breadcrumb","itemListElement":[{"@type":"ListItem","position":1,"name":"Home","item":"https:\/\/grupsevenlleida.com\/ca\/"},{"@type":"ListItem","position":2,"name":"Grup Seven es posiciona al costat de les dones en la lluita contra la viol\u00e8ncia digital"}]},{"@type":"WebSite","@id":"https:\/\/grupsevenlleida.com\/#website","url":"https:\/\/grupsevenlleida.com\/","name":"Grup Seven","description":"Seguretat privada a Lleida","potentialAction":[{"@type":"SearchAction","target":{"@type":"EntryPoint","urlTemplate":"https:\/\/grupsevenlleida.com\/?s={search_term_string}"},"query-input":{"@type":"PropertyValueSpecification","valueRequired":true,"valueName":"search_term_string"}}],"inLanguage":"ca"},{"@type":"Person","@id":"https:\/\/grupsevenlleida.com\/#\/schema\/person\/357e8123ef13664579270ffb1bd12374","name":"admin","image":{"@type":"ImageObject","inLanguage":"ca","@id":"https:\/\/grupsevenlleida.com\/#\/schema\/person\/image\/","url":"https:\/\/secure.gravatar.com\/avatar\/3d8771e958295f415804336505f0c6faebfe16c066754f8f90e0b5a1023ffc77?s=96&d=mm&r=g","contentUrl":"https:\/\/secure.gravatar.com\/avatar\/3d8771e958295f415804336505f0c6faebfe16c066754f8f90e0b5a1023ffc77?s=96&d=mm&r=g","caption":"admin"},"sameAs":["https:\/\/grupsevenlleida.com"],"url":"https:\/\/grupsevenlleida.com\/ca\/author\/jordi_6572h63p\/"}]}},"_links":{"self":[{"href":"https:\/\/grupsevenlleida.com\/ca\/wp-json\/wp\/v2\/posts\/5489","targetHints":{"allow":["GET"]}}],"collection":[{"href":"https:\/\/grupsevenlleida.com\/ca\/wp-json\/wp\/v2\/posts"}],"about":[{"href":"https:\/\/grupsevenlleida.com\/ca\/wp-json\/wp\/v2\/types\/post"}],"author":[{"embeddable":true,"href":"https:\/\/grupsevenlleida.com\/ca\/wp-json\/wp\/v2\/users\/1"}],"replies":[{"embeddable":true,"href":"https:\/\/grupsevenlleida.com\/ca\/wp-json\/wp\/v2\/comments?post=5489"}],"version-history":[{"count":1,"href":"https:\/\/grupsevenlleida.com\/ca\/wp-json\/wp\/v2\/posts\/5489\/revisions"}],"predecessor-version":[{"id":5492,"href":"https:\/\/grupsevenlleida.com\/ca\/wp-json\/wp\/v2\/posts\/5489\/revisions\/5492"}],"wp:featuredmedia":[{"embeddable":true,"href":"https:\/\/grupsevenlleida.com\/ca\/wp-json\/wp\/v2\/media\/5486"}],"wp:attachment":[{"href":"https:\/\/grupsevenlleida.com\/ca\/wp-json\/wp\/v2\/media?parent=5489"}],"wp:term":[{"taxonomy":"category","embeddable":true,"href":"https:\/\/grupsevenlleida.com\/ca\/wp-json\/wp\/v2\/categories?post=5489"},{"taxonomy":"post_tag","embeddable":true,"href":"https:\/\/grupsevenlleida.com\/ca\/wp-json\/wp\/v2\/tags?post=5489"}],"curies":[{"name":"wp","href":"https:\/\/api.w.org\/{rel}","templated":true}]}}