{"id":5557,"date":"2026-01-05T11:27:27","date_gmt":"2026-01-05T10:27:27","guid":{"rendered":"https:\/\/grupsevenlleida.com\/?p=5557"},"modified":"2026-01-05T11:35:49","modified_gmt":"2026-01-05T10:35:49","slug":"un-any-mes-la-cavalcada-dels-reis-dorient-comptara-amb-el-suport-compromis-i-professionalitat-de-grup-seven","status":"publish","type":"post","link":"https:\/\/grupsevenlleida.com\/ca\/un-any-mes-la-cavalcada-dels-reis-dorient-comptara-amb-el-suport-compromis-i-professionalitat-de-grup-seven\/","title":{"rendered":"Un any m\u00e9s, la Cavalcada dels Reis d&#8217;Orient comptar\u00e0 amb el suport, comprom\u00eds i professionalitat de Grup Seven"},"content":{"rendered":"<div class=\"fusion-fullwidth fullwidth-box fusion-builder-row-1 fusion-flex-container has-pattern-background has-mask-background nonhundred-percent-fullwidth non-hundred-percent-height-scrolling\" style=\"background-color: rgba(255,255,255,0);background-position: center center;background-repeat: no-repeat;border-width: 0px 0px 0px 0px;border-color:var(--awb-color3);border-style:solid;\" ><div class=\"fusion-builder-row fusion-row fusion-flex-align-items-flex-start\" style=\"max-width:calc( 1200px + 0px );margin-left: calc(-0px \/ 2 );margin-right: calc(-0px \/ 2 );\"><div class=\"fusion-layout-column fusion_builder_column fusion-builder-column-0 fusion_builder_column_5_6 5_6 fusion-flex-column fusion-animated\" data-animationType=\"fadeIn\" data-animationDuration=\"1.0\" data-animationOffset=\"top-into-view\"><div class=\"fusion-column-wrapper fusion-flex-justify-content-flex-start fusion-content-layout-column\" style=\"background-position:left top;background-repeat:no-repeat;-webkit-background-size:cover;-moz-background-size:cover;-o-background-size:cover;background-size:cover;padding: 0px 0px 0px 0px;\"><div class=\"fusion-text fusion-text-1 fusion-text-no-margin\" style=\"text-align:left;\"><h5>Com cada 5 de gener, Lleida viur\u00e0 una de les nits m\u00e9s esperades: l&#8217;arribada dels Reis d&#8217;Orient. Una cita m\u00e0gica que reuneix milers de persones als carrers de la ciutat i que, un any m\u00e9s, comptar\u00e0 amb la col\u00b7laboraci\u00f3 i l&#8217;experi\u00e8ncia d&#8217;un gran equip de professionals de Grup Seven, que contribuiran amb el seu esfor\u00e7 i comprom\u00eds a vetllar per\u00a0 la\u00a0 seguretat dels Reis i el seu seguici i la de tots i totes les persones presents en aquest esdeveniment tan especial i esperat.<\/h5>\n<p>Hi ha nits que no s&#8217;obliden, i la del 5 de gener n&#8217;\u00e9s una. A cada carrer, a cada mirada infantil, a cada caramel que vola o llum que acompanya el pas de Ses Majestats, hi ha m\u00e0gia. Per\u00f2 darrere aquesta m\u00e0gia, tamb\u00e9 hi ha comprom\u00eds, coordinaci\u00f3 i vocaci\u00f3.<\/p>\n<p>Un any m\u00e9s, a Grup Seven, tenim l&#8217;honor i la responsabilitat d&#8217;acompanyar els Reis d&#8217;Orient durant la seva visita a Lleida, vetllant perqu\u00e8 tot es desenvolupi amb seguretat i tranquil\u00b7litat. I ho fem amb un gran equip de persones que no nom\u00e9s treballen: tamb\u00e9 senten.<\/p>\n<p>Grup Seven, empresa l\u00edder en seguretat privada i serveis auxiliars a Lleida, desplegar\u00e0 un ampli dispositiu format per vigilants i auxiliars que treballaran en estreta coordinaci\u00f3 amb els cossos de seguretat, protecci\u00f3 civil i l&#8217;organitzaci\u00f3 de l&#8217;esdeveniment per ajudar i col\u00b7laborar de manera activa en la celebraci\u00f3 d&#8217;una manera segura i tranquil\u00b7la d&#8217;aquest gran esdeveniment.<\/p>\n<p>Des de Grup Seven recordem la import\u00e0ncia de gaudir d&#8217;aquesta celebraci\u00f3 amb responsabilitat i precauci\u00f3, per aix\u00f2 aprofitem aquest espai per facilitar alguns consells per evitar possibles ensurts:<\/p>\n<ul>\n<li>\u00c9s imprescindible que els menors estiguin sempre acompanyats per una persona adulta responsable<\/li>\n<li>Us recomanem acordar, de manera pr\u00e8via a la celebraci\u00f3 de la cavalcada, un punt de trobada per si algun menor es despista.<\/li>\n<li>Tamb\u00e9 \u00e9s important evitar aglomeracions. El recorregut \u00e9s molt llarg, hi ha lloc per a tothom<\/li>\n<li>No envair la cal\u00e7ada per on circula la comitiva i mantenir-se allunyats dels vehicles que acompanyen la comitiva real<\/li>\n<li>Durant la recollida de caramels, precauci\u00f3. Hi ha llaminadures per a tothom.<\/li>\n<\/ul>\n<p>Tot i que les condicions meteorol\u00f2giques no siguin les millors, sabem que la ciutat s&#8217;omplir\u00e0 d&#8217;il\u00b7lusi\u00f3 i la nostra missi\u00f3 \u00e9s contribuir a fer que tot transcorri amb normalitat i que sigui una nit per recordar.<\/p>\n<p>La nostra participaci\u00f3 en la cavalcada \u00e9s una mostra m\u00e9s del comprom\u00eds de Grup Seven amb la seguretat de les persones, apostant una vegada m\u00e9s per la professionalitat, el treball en equip i la coordinaci\u00f3 amb les institucions, cossos de seguretat, etc.<\/p>\n<p><strong>Des del Grup Seven us desitgem un feli\u00e7 2026, on es vegin complerts tots els vostres reptes i, \u00e9s clar, que els Reis d&#8217;Orient siguin ben\u00e8vols amb vosaltres i que portin a la nostra estimada ciutat pau, seguretat i tranquil\u00b7litat.<\/strong><\/p>\n<h3>Grup Seven, la seguretat privada al servei de les persones<\/h3>\n<\/div><\/div><style type=\"text\/css\">.fusion-body .fusion-builder-column-0{width:83.333333333333% !important;margin-top : 0px;margin-bottom : 80px;}.fusion-builder-column-0 > .fusion-column-wrapper {padding-top : 0px !important;padding-right : 0px !important;margin-right : 0px;padding-bottom : 0px !important;padding-left : 0px !important;margin-left : 0px;}@media only screen and (max-width:1024px) {.fusion-body .fusion-builder-column-0{width:83.333333333333% !important;order : 0;margin-bottom : 70px;}.fusion-builder-column-0 > .fusion-column-wrapper {margin-right : 0px;margin-left : 0px;}}@media only screen and (max-width:640px) {.fusion-body .fusion-builder-column-0{width:100% !important;order : 0;margin-bottom : 50px;}.fusion-builder-column-0 > .fusion-column-wrapper {margin-right : 0px;margin-left : 0px;}}<\/style><\/div><div class=\"fusion-layout-column fusion_builder_column fusion-builder-column-1 fusion_builder_column_1_1 1_1 fusion-flex-column\"><div class=\"fusion-column-wrapper fusion-flex-justify-content-flex-start fusion-content-layout-column\" style=\"background-position:center center;background-blend-mode: multiply;background-repeat:no-repeat;-webkit-background-size:cover;-moz-background-size:cover;-o-background-size:cover;background-size:cover;background-color:var(--awb-color1);padding: 0px 0px 0px 0px;\"><style type=\"text\/css\">.fusion-gallery-1 .fusion-gallery-image {border:0px solid var(--awb-color3);}.fusion-gallery.fusion-gallery-1 .fusion-gallery-image img{aspect-ratio:1 \/ 1;}<\/style><div class=\"awb-gallery-wrapper awb-gallery-wrapper-1 button-span-no\" style=\"--more-btn-alignment:center;\"><div class=\"fusion-gallery fusion-gallery-container fusion-grid-3 fusion-columns-total-0 fusion-gallery-layout-grid fusion-gallery-1 has-aspect-ratio\" style=\"margin:-5px;\"><\/div><\/div><\/div><style type=\"text\/css\">.fusion-body .fusion-builder-column-1{width:100% !important;margin-top : 0px;margin-bottom : 20px;}.fusion-builder-column-1 > .fusion-column-wrapper {padding-top : 0px !important;padding-right : 0px !important;margin-right : 10px;padding-bottom : 0px !important;padding-left : 0px !important;margin-left : 10px;}@media only screen and (max-width:1024px) {.fusion-body .fusion-builder-column-1{width:100% !important;order : 0;}.fusion-builder-column-1 > .fusion-column-wrapper {margin-right : 10px;margin-left : 10px;}}@media only screen and (max-width:640px) {.fusion-body .fusion-builder-column-1{width:100% !important;order : 0;}.fusion-builder-column-1 > .fusion-column-wrapper {margin-right : 0px;margin-left : 0px;}}<\/style><\/div><div class=\"fusion-layout-column fusion_builder_column fusion-builder-column-2 fusion_builder_column_1_1 1_1 fusion-flex-column\"><div class=\"fusion-column-wrapper fusion-flex-justify-content-flex-start fusion-content-layout-column\" style=\"background-image: url(&#039;https:\/\/grupsevenlleida.com\/wp-content\/uploads\/2026\/01\/Grup-Seven-un-ano-mas-colabora-con-la-cabalgata-de-los-Reyes-Magos-en-Lleida.jpg&#039;);background-position:center center;background-blend-mode: multiply;background-repeat:no-repeat;-webkit-background-size:cover;-moz-background-size:cover;-o-background-size:cover;background-size:cover;background-color:var(--awb-color6);padding: 0px 0px 0px 0px;\" data-bg-url=\"https:\/\/grupsevenlleida.com\/wp-content\/uploads\/2026\/01\/Grup-Seven-un-ano-mas-colabora-con-la-cabalgata-de-los-Reyes-Magos-en-Lleida.jpg\"><style type=\"text\/css\">.fusion-gallery-2 .fusion-gallery-image {border:0px solid var(--awb-color3);}.fusion-gallery.fusion-gallery-2 .fusion-gallery-image img{aspect-ratio:1 \/ 1;}<\/style><div class=\"awb-gallery-wrapper awb-gallery-wrapper-2 button-span-no\" style=\"--more-btn-alignment:center;\"><div class=\"fusion-gallery fusion-gallery-container fusion-grid-3 fusion-columns-total-0 fusion-gallery-layout-grid fusion-gallery-2 has-aspect-ratio\" style=\"margin:-5px;\"><\/div><\/div><\/div><style type=\"text\/css\">.fusion-body .fusion-builder-column-2{width:100% !important;margin-top : 0px;margin-bottom : 20px;}.fusion-builder-column-2 > .fusion-column-wrapper {padding-top : 0px !important;padding-right : 0px !important;margin-right : 10px;padding-bottom : 0px !important;padding-left : 0px !important;margin-left : 10px;}@media only screen and (max-width:1024px) {.fusion-body .fusion-builder-column-2{width:100% !important;order : 0;}.fusion-builder-column-2 > .fusion-column-wrapper {margin-right : 10px;margin-left : 10px;}}@media only screen and (max-width:640px) {.fusion-body .fusion-builder-column-2{width:100% !important;order : 0;}.fusion-builder-column-2 > .fusion-column-wrapper {margin-right : 0px;margin-left : 0px;}}<\/style><\/div><\/div><style type=\"text\/css\">.fusion-body .fusion-flex-container.fusion-builder-row-1{ padding-top : 0px;margin-top : 0px;padding-right : 0px;padding-bottom : 0px;margin-bottom : 0px;padding-left : 0px;}<\/style><\/div>\n","protected":false},"excerpt":{"rendered":"<p>Vestibulum ante ipsum primis in faucibus orci luctus et ultrices posuere.<\/p>\n","protected":false},"author":1,"featured_media":5562,"comment_status":"closed","ping_status":"closed","sticky":false,"template":"","format":"standard","meta":{"footnotes":""},"categories":[70],"tags":[309,73,769,74,248,994,75,113,76,77,78,310,312,308],"class_list":["post-5557","post","type-post","status-publish","format-standard","has-post-thumbnail","hentry","category-noticia-ca","tag-auxiliars-de-servei","tag-grup-seven-ca","tag-grup-seven-espai-de-negocis","tag-lleida-ca","tag-mossos-esquadra-ca","tag-reis-dorient","tag-reyes-magos-ca","tag-seguretat-privada-lleida-ca","tag-seguridad-privada-ca","tag-seven-ponent-ca","tag-seven-seguretat-ca","tag-vigilancia-canina","tag-vigilancia-de-seguretat-amb-gos","tag-vigilants-seguretat"],"yoast_head":"<!-- This site is optimized with the Yoast SEO plugin v26.1.1 - https:\/\/yoast.com\/wordpress\/plugins\/seo\/ -->\n<title>Un any m\u00e9s, la Cavalcada dels Reis d&#039;Orient comptar\u00e0 amb el suport, comprom\u00eds i professionalitat de Grup Seven - Grup Seven<\/title>\n<meta name=\"description\" content=\"Grup Seven vetllar\u00e0, un any m\u00e9s, per la seguretat i la tranquil\u00b7litat dels milers d&#039;assistents a la cavalcada dels Reis Mags a Lleida\" \/>\n<meta name=\"robots\" content=\"index, follow, max-snippet:-1, max-image-preview:large, max-video-preview:-1\" \/>\n<link rel=\"canonical\" href=\"https:\/\/grupsevenlleida.com\/ca\/un-any-mes-la-cavalcada-dels-reis-dorient-comptara-amb-el-suport-compromis-i-professionalitat-de-grup-seven\/\" \/>\n<meta property=\"og:locale\" content=\"ca_ES\" \/>\n<meta property=\"og:type\" content=\"article\" \/>\n<meta property=\"og:title\" content=\"Un any m\u00e9s, la Cavalcada dels Reis d&#039;Orient comptar\u00e0 amb el suport, comprom\u00eds i professionalitat de Grup Seven - Grup Seven\" \/>\n<meta property=\"og:description\" content=\"Grup Seven vetllar\u00e0, un any m\u00e9s, per la seguretat i la tranquil\u00b7litat dels milers d&#039;assistents a la cavalcada dels Reis Mags a Lleida\" \/>\n<meta property=\"og:url\" content=\"https:\/\/grupsevenlleida.com\/ca\/un-any-mes-la-cavalcada-dels-reis-dorient-comptara-amb-el-suport-compromis-i-professionalitat-de-grup-seven\/\" \/>\n<meta property=\"og:site_name\" content=\"Grup Seven\" \/>\n<meta property=\"article:published_time\" content=\"2026-01-05T10:27:27+00:00\" \/>\n<meta property=\"article:modified_time\" content=\"2026-01-05T10:35:49+00:00\" \/>\n<meta property=\"og:image\" content=\"https:\/\/grupsevenlleida.com\/wp-content\/uploads\/2026\/01\/Grup-Seven-un-any-mes-amb-la-cavalcada-dels-Reis-dOrient-Lleida.jpg\" \/>\n\t<meta property=\"og:image:width\" content=\"1080\" \/>\n\t<meta property=\"og:image:height\" content=\"1080\" \/>\n\t<meta property=\"og:image:type\" content=\"image\/jpeg\" \/>\n<meta name=\"author\" content=\"admin\" \/>\n<meta name=\"twitter:card\" content=\"summary_large_image\" \/>\n<meta name=\"twitter:label1\" content=\"Escrit per\" \/>\n\t<meta name=\"twitter:data1\" content=\"admin\" \/>\n\t<meta name=\"twitter:label2\" content=\"Temps estimat de lectura\" \/>\n\t<meta name=\"twitter:data2\" content=\"6 minuts\" \/>\n<script type=\"application\/ld+json\" class=\"yoast-schema-graph\">{\"@context\":\"https:\/\/schema.org\",\"@graph\":[{\"@type\":\"WebPage\",\"@id\":\"https:\/\/grupsevenlleida.com\/ca\/un-any-mes-la-cavalcada-dels-reis-dorient-comptara-amb-el-suport-compromis-i-professionalitat-de-grup-seven\/\",\"url\":\"https:\/\/grupsevenlleida.com\/ca\/un-any-mes-la-cavalcada-dels-reis-dorient-comptara-amb-el-suport-compromis-i-professionalitat-de-grup-seven\/\",\"name\":\"Un any m\u00e9s, la Cavalcada dels Reis d'Orient comptar\u00e0 amb el suport, comprom\u00eds i professionalitat de Grup Seven - Grup Seven\",\"isPartOf\":{\"@id\":\"https:\/\/grupsevenlleida.com\/#website\"},\"primaryImageOfPage\":{\"@id\":\"https:\/\/grupsevenlleida.com\/ca\/un-any-mes-la-cavalcada-dels-reis-dorient-comptara-amb-el-suport-compromis-i-professionalitat-de-grup-seven\/#primaryimage\"},\"image\":{\"@id\":\"https:\/\/grupsevenlleida.com\/ca\/un-any-mes-la-cavalcada-dels-reis-dorient-comptara-amb-el-suport-compromis-i-professionalitat-de-grup-seven\/#primaryimage\"},\"thumbnailUrl\":\"https:\/\/grupsevenlleida.com\/wp-content\/uploads\/2026\/01\/Grup-Seven-un-ano-mas-colabora-con-la-cabalgata-de-los-Reyes-Magos-en-Lleida.jpg\",\"datePublished\":\"2026-01-05T10:27:27+00:00\",\"dateModified\":\"2026-01-05T10:35:49+00:00\",\"author\":{\"@id\":\"https:\/\/grupsevenlleida.com\/#\/schema\/person\/357e8123ef13664579270ffb1bd12374\"},\"description\":\"Grup Seven vetllar\u00e0, un any m\u00e9s, per la seguretat i la tranquil\u00b7litat dels milers d'assistents a la cavalcada dels Reis Mags a Lleida\",\"breadcrumb\":{\"@id\":\"https:\/\/grupsevenlleida.com\/ca\/un-any-mes-la-cavalcada-dels-reis-dorient-comptara-amb-el-suport-compromis-i-professionalitat-de-grup-seven\/#breadcrumb\"},\"inLanguage\":\"ca\",\"potentialAction\":[{\"@type\":\"ReadAction\",\"target\":[\"https:\/\/grupsevenlleida.com\/ca\/un-any-mes-la-cavalcada-dels-reis-dorient-comptara-amb-el-suport-compromis-i-professionalitat-de-grup-seven\/\"]}]},{\"@type\":\"ImageObject\",\"inLanguage\":\"ca\",\"@id\":\"https:\/\/grupsevenlleida.com\/ca\/un-any-mes-la-cavalcada-dels-reis-dorient-comptara-amb-el-suport-compromis-i-professionalitat-de-grup-seven\/#primaryimage\",\"url\":\"https:\/\/grupsevenlleida.com\/wp-content\/uploads\/2026\/01\/Grup-Seven-un-ano-mas-colabora-con-la-cabalgata-de-los-Reyes-Magos-en-Lleida.jpg\",\"contentUrl\":\"https:\/\/grupsevenlleida.com\/wp-content\/uploads\/2026\/01\/Grup-Seven-un-ano-mas-colabora-con-la-cabalgata-de-los-Reyes-Magos-en-Lleida.jpg\",\"width\":1080,\"height\":1080},{\"@type\":\"BreadcrumbList\",\"@id\":\"https:\/\/grupsevenlleida.com\/ca\/un-any-mes-la-cavalcada-dels-reis-dorient-comptara-amb-el-suport-compromis-i-professionalitat-de-grup-seven\/#breadcrumb\",\"itemListElement\":[{\"@type\":\"ListItem\",\"position\":1,\"name\":\"Home\",\"item\":\"https:\/\/grupsevenlleida.com\/ca\/\"},{\"@type\":\"ListItem\",\"position\":2,\"name\":\"Un any m\u00e9s, la Cavalcada dels Reis d&#8217;Orient comptar\u00e0 amb el suport, comprom\u00eds i professionalitat de Grup Seven\"}]},{\"@type\":\"WebSite\",\"@id\":\"https:\/\/grupsevenlleida.com\/#website\",\"url\":\"https:\/\/grupsevenlleida.com\/\",\"name\":\"Grup Seven\",\"description\":\"Seguretat privada a Lleida\",\"potentialAction\":[{\"@type\":\"SearchAction\",\"target\":{\"@type\":\"EntryPoint\",\"urlTemplate\":\"https:\/\/grupsevenlleida.com\/?s={search_term_string}\"},\"query-input\":{\"@type\":\"PropertyValueSpecification\",\"valueRequired\":true,\"valueName\":\"search_term_string\"}}],\"inLanguage\":\"ca\"},{\"@type\":\"Person\",\"@id\":\"https:\/\/grupsevenlleida.com\/#\/schema\/person\/357e8123ef13664579270ffb1bd12374\",\"name\":\"admin\",\"image\":{\"@type\":\"ImageObject\",\"inLanguage\":\"ca\",\"@id\":\"https:\/\/grupsevenlleida.com\/#\/schema\/person\/image\/\",\"url\":\"https:\/\/secure.gravatar.com\/avatar\/3d8771e958295f415804336505f0c6faebfe16c066754f8f90e0b5a1023ffc77?s=96&d=mm&r=g\",\"contentUrl\":\"https:\/\/secure.gravatar.com\/avatar\/3d8771e958295f415804336505f0c6faebfe16c066754f8f90e0b5a1023ffc77?s=96&d=mm&r=g\",\"caption\":\"admin\"},\"sameAs\":[\"https:\/\/grupsevenlleida.com\"],\"url\":\"https:\/\/grupsevenlleida.com\/ca\/author\/jordi_6572h63p\/\"}]}<\/script>\n<!-- \/ Yoast SEO plugin. -->","yoast_head_json":{"title":"Un any m\u00e9s, la Cavalcada dels Reis d'Orient comptar\u00e0 amb el suport, comprom\u00eds i professionalitat de Grup Seven - Grup Seven","description":"Grup Seven vetllar\u00e0, un any m\u00e9s, per la seguretat i la tranquil\u00b7litat dels milers d'assistents a la cavalcada dels Reis Mags a Lleida","robots":{"index":"index","follow":"follow","max-snippet":"max-snippet:-1","max-image-preview":"max-image-preview:large","max-video-preview":"max-video-preview:-1"},"canonical":"https:\/\/grupsevenlleida.com\/ca\/un-any-mes-la-cavalcada-dels-reis-dorient-comptara-amb-el-suport-compromis-i-professionalitat-de-grup-seven\/","og_locale":"ca_ES","og_type":"article","og_title":"Un any m\u00e9s, la Cavalcada dels Reis d'Orient comptar\u00e0 amb el suport, comprom\u00eds i professionalitat de Grup Seven - Grup Seven","og_description":"Grup Seven vetllar\u00e0, un any m\u00e9s, per la seguretat i la tranquil\u00b7litat dels milers d'assistents a la cavalcada dels Reis Mags a Lleida","og_url":"https:\/\/grupsevenlleida.com\/ca\/un-any-mes-la-cavalcada-dels-reis-dorient-comptara-amb-el-suport-compromis-i-professionalitat-de-grup-seven\/","og_site_name":"Grup Seven","article_published_time":"2026-01-05T10:27:27+00:00","article_modified_time":"2026-01-05T10:35:49+00:00","og_image":[{"width":1080,"height":1080,"url":"https:\/\/grupsevenlleida.com\/wp-content\/uploads\/2026\/01\/Grup-Seven-un-any-mes-amb-la-cavalcada-dels-Reis-dOrient-Lleida.jpg","type":"image\/jpeg"}],"author":"admin","twitter_card":"summary_large_image","twitter_misc":{"Escrit per":"admin","Temps estimat de lectura":"6 minuts"},"schema":{"@context":"https:\/\/schema.org","@graph":[{"@type":"WebPage","@id":"https:\/\/grupsevenlleida.com\/ca\/un-any-mes-la-cavalcada-dels-reis-dorient-comptara-amb-el-suport-compromis-i-professionalitat-de-grup-seven\/","url":"https:\/\/grupsevenlleida.com\/ca\/un-any-mes-la-cavalcada-dels-reis-dorient-comptara-amb-el-suport-compromis-i-professionalitat-de-grup-seven\/","name":"Un any m\u00e9s, la Cavalcada dels Reis d'Orient comptar\u00e0 amb el suport, comprom\u00eds i professionalitat de Grup Seven - Grup Seven","isPartOf":{"@id":"https:\/\/grupsevenlleida.com\/#website"},"primaryImageOfPage":{"@id":"https:\/\/grupsevenlleida.com\/ca\/un-any-mes-la-cavalcada-dels-reis-dorient-comptara-amb-el-suport-compromis-i-professionalitat-de-grup-seven\/#primaryimage"},"image":{"@id":"https:\/\/grupsevenlleida.com\/ca\/un-any-mes-la-cavalcada-dels-reis-dorient-comptara-amb-el-suport-compromis-i-professionalitat-de-grup-seven\/#primaryimage"},"thumbnailUrl":"https:\/\/grupsevenlleida.com\/wp-content\/uploads\/2026\/01\/Grup-Seven-un-ano-mas-colabora-con-la-cabalgata-de-los-Reyes-Magos-en-Lleida.jpg","datePublished":"2026-01-05T10:27:27+00:00","dateModified":"2026-01-05T10:35:49+00:00","author":{"@id":"https:\/\/grupsevenlleida.com\/#\/schema\/person\/357e8123ef13664579270ffb1bd12374"},"description":"Grup Seven vetllar\u00e0, un any m\u00e9s, per la seguretat i la tranquil\u00b7litat dels milers d'assistents a la cavalcada dels Reis Mags a Lleida","breadcrumb":{"@id":"https:\/\/grupsevenlleida.com\/ca\/un-any-mes-la-cavalcada-dels-reis-dorient-comptara-amb-el-suport-compromis-i-professionalitat-de-grup-seven\/#breadcrumb"},"inLanguage":"ca","potentialAction":[{"@type":"ReadAction","target":["https:\/\/grupsevenlleida.com\/ca\/un-any-mes-la-cavalcada-dels-reis-dorient-comptara-amb-el-suport-compromis-i-professionalitat-de-grup-seven\/"]}]},{"@type":"ImageObject","inLanguage":"ca","@id":"https:\/\/grupsevenlleida.com\/ca\/un-any-mes-la-cavalcada-dels-reis-dorient-comptara-amb-el-suport-compromis-i-professionalitat-de-grup-seven\/#primaryimage","url":"https:\/\/grupsevenlleida.com\/wp-content\/uploads\/2026\/01\/Grup-Seven-un-ano-mas-colabora-con-la-cabalgata-de-los-Reyes-Magos-en-Lleida.jpg","contentUrl":"https:\/\/grupsevenlleida.com\/wp-content\/uploads\/2026\/01\/Grup-Seven-un-ano-mas-colabora-con-la-cabalgata-de-los-Reyes-Magos-en-Lleida.jpg","width":1080,"height":1080},{"@type":"BreadcrumbList","@id":"https:\/\/grupsevenlleida.com\/ca\/un-any-mes-la-cavalcada-dels-reis-dorient-comptara-amb-el-suport-compromis-i-professionalitat-de-grup-seven\/#breadcrumb","itemListElement":[{"@type":"ListItem","position":1,"name":"Home","item":"https:\/\/grupsevenlleida.com\/ca\/"},{"@type":"ListItem","position":2,"name":"Un any m\u00e9s, la Cavalcada dels Reis d&#8217;Orient comptar\u00e0 amb el suport, comprom\u00eds i professionalitat de Grup Seven"}]},{"@type":"WebSite","@id":"https:\/\/grupsevenlleida.com\/#website","url":"https:\/\/grupsevenlleida.com\/","name":"Grup Seven","description":"Seguretat privada a Lleida","potentialAction":[{"@type":"SearchAction","target":{"@type":"EntryPoint","urlTemplate":"https:\/\/grupsevenlleida.com\/?s={search_term_string}"},"query-input":{"@type":"PropertyValueSpecification","valueRequired":true,"valueName":"search_term_string"}}],"inLanguage":"ca"},{"@type":"Person","@id":"https:\/\/grupsevenlleida.com\/#\/schema\/person\/357e8123ef13664579270ffb1bd12374","name":"admin","image":{"@type":"ImageObject","inLanguage":"ca","@id":"https:\/\/grupsevenlleida.com\/#\/schema\/person\/image\/","url":"https:\/\/secure.gravatar.com\/avatar\/3d8771e958295f415804336505f0c6faebfe16c066754f8f90e0b5a1023ffc77?s=96&d=mm&r=g","contentUrl":"https:\/\/secure.gravatar.com\/avatar\/3d8771e958295f415804336505f0c6faebfe16c066754f8f90e0b5a1023ffc77?s=96&d=mm&r=g","caption":"admin"},"sameAs":["https:\/\/grupsevenlleida.com"],"url":"https:\/\/grupsevenlleida.com\/ca\/author\/jordi_6572h63p\/"}]}},"_links":{"self":[{"href":"https:\/\/grupsevenlleida.com\/ca\/wp-json\/wp\/v2\/posts\/5557","targetHints":{"allow":["GET"]}}],"collection":[{"href":"https:\/\/grupsevenlleida.com\/ca\/wp-json\/wp\/v2\/posts"}],"about":[{"href":"https:\/\/grupsevenlleida.com\/ca\/wp-json\/wp\/v2\/types\/post"}],"author":[{"embeddable":true,"href":"https:\/\/grupsevenlleida.com\/ca\/wp-json\/wp\/v2\/users\/1"}],"replies":[{"embeddable":true,"href":"https:\/\/grupsevenlleida.com\/ca\/wp-json\/wp\/v2\/comments?post=5557"}],"version-history":[{"count":3,"href":"https:\/\/grupsevenlleida.com\/ca\/wp-json\/wp\/v2\/posts\/5557\/revisions"}],"predecessor-version":[{"id":5565,"href":"https:\/\/grupsevenlleida.com\/ca\/wp-json\/wp\/v2\/posts\/5557\/revisions\/5565"}],"wp:featuredmedia":[{"embeddable":true,"href":"https:\/\/grupsevenlleida.com\/ca\/wp-json\/wp\/v2\/media\/5562"}],"wp:attachment":[{"href":"https:\/\/grupsevenlleida.com\/ca\/wp-json\/wp\/v2\/media?parent=5557"}],"wp:term":[{"taxonomy":"category","embeddable":true,"href":"https:\/\/grupsevenlleida.com\/ca\/wp-json\/wp\/v2\/categories?post=5557"},{"taxonomy":"post_tag","embeddable":true,"href":"https:\/\/grupsevenlleida.com\/ca\/wp-json\/wp\/v2\/tags?post=5557"}],"curies":[{"name":"wp","href":"https:\/\/api.w.org\/{rel}","templated":true}]}}