{"id":5570,"date":"2026-01-26T16:26:43","date_gmt":"2026-01-26T15:26:43","guid":{"rendered":"https:\/\/grupsevenlleida.com\/?p=5570"},"modified":"2026-01-26T16:37:09","modified_gmt":"2026-01-26T15:37:09","slug":"xavier-maza-ceo-del-grup-seven-comparteix-experiencia-empresarial-a-lleida-empren","status":"publish","type":"post","link":"https:\/\/grupsevenlleida.com\/ca\/xavier-maza-ceo-del-grup-seven-comparteix-experiencia-empresarial-a-lleida-empren\/","title":{"rendered":"Xavier Maza, CEO del Grup Seven, comparteix experi\u00e8ncia empresarial a Lleida Empr\u00e8n"},"content":{"rendered":"<div class=\"fusion-fullwidth fullwidth-box fusion-builder-row-1 fusion-flex-container has-pattern-background has-mask-background nonhundred-percent-fullwidth non-hundred-percent-height-scrolling\" style=\"background-color: rgba(255,255,255,0);background-position: center center;background-repeat: no-repeat;border-width: 0px 0px 0px 0px;border-color:var(--awb-color3);border-style:solid;\" ><div class=\"fusion-builder-row fusion-row fusion-flex-align-items-flex-start\" style=\"max-width:calc( 1200px + 0px );margin-left: calc(-0px \/ 2 );margin-right: calc(-0px \/ 2 );\"><div class=\"fusion-layout-column fusion_builder_column fusion-builder-column-0 fusion_builder_column_5_6 5_6 fusion-flex-column fusion-animated\" data-animationType=\"fadeIn\" data-animationDuration=\"1.0\" data-animationOffset=\"top-into-view\"><div class=\"fusion-column-wrapper fusion-flex-justify-content-flex-start fusion-content-layout-column\" style=\"background-position:left top;background-repeat:no-repeat;-webkit-background-size:cover;-moz-background-size:cover;-o-background-size:cover;background-size:cover;padding: 0px 0px 0px 0px;\"><div class=\"fusion-text fusion-text-1 fusion-text-no-margin\" style=\"text-align:left;\"><h5>El cofundador de Grup Seven, juntament amb Jorge Tirado, ser\u00e0 un dels protagonistes de la segona edici\u00f3 de Lleida Empr\u00e8n, un esdeveniment que impulsa l&#8217;emprenedoria local i que se celebrar\u00e0 aquest divendres 30 de gener al Museu Morera de Lleida.<\/h5>\n<p>Lleida acollir\u00e0 aquest divendres 30 de gener una nova edici\u00f3 de <a href=\"https:\/\/lleidaempren.com\/\">Lleida Empr\u00e8n<\/a>, iniciativa dedicada a impulsar el talent i la creaci\u00f3 de noves empreses al territori. L&#8217;esdeveniment se celebrar\u00e0 al Museu Morera (planta 5) renovat i comptar\u00e0 amb la participaci\u00f3 destacada de Xavier Maza, CEO de Grup Seven, empresa l\u00edder en seguretat privada, serveis auxiliars i gesti\u00f3 d&#8217;esdeveniments a Lleida.<\/p>\n<p>Xavier Maza compartir\u00e0 la seva \u00e0mplia experi\u00e8ncia com a emprenedor i directiu en un podcast en directe organitzat per EFIS i condu\u00eft per l&#8217;emprenedor Ayub Allach. Al costat de Maza, tamb\u00e9 participaran en aquesta trobada,\u00a0 Albert Colias, CEO de Jusad Assist\u00e8ncia, entre altres ponents comNona Martin, especialista en Coach per a alta direcci\u00f3.<\/p>\n<p>L&#8217;objectiu \u00e9s compartir coneixement, experi\u00e8ncies i claus pr\u00e0ctiques amb persones que estan iniciant els seus projectes empresarials, oferint una mirada realista i motivadora sobre els reptes de l&#8217;emprenedoria. En aquest marc de treball i creixement, la hist\u00f2ria de Grup Seven, amb la capacitat d&#8217;adaptar-se a noves realitats tecnol\u00f2giques i socials, i experi\u00e8ncia de Xavier Maza segur que seran un exemple inspirador per a molts emprenedors locals.<\/p>\n<p>Grup Seven, la seguretat privada al servei de les persones.<\/p>\n<h3>Grup Seven, la seguretat privada al servei de les persones<\/h3>\n<\/div><\/div><style type=\"text\/css\">.fusion-body .fusion-builder-column-0{width:83.333333333333% !important;margin-top : 0px;margin-bottom : 80px;}.fusion-builder-column-0 > .fusion-column-wrapper {padding-top : 0px !important;padding-right : 0px !important;margin-right : 0px;padding-bottom : 0px !important;padding-left : 0px !important;margin-left : 0px;}@media only screen and (max-width:1024px) {.fusion-body .fusion-builder-column-0{width:83.333333333333% !important;order : 0;margin-bottom : 70px;}.fusion-builder-column-0 > .fusion-column-wrapper {margin-right : 0px;margin-left : 0px;}}@media only screen and (max-width:640px) {.fusion-body .fusion-builder-column-0{width:100% !important;order : 0;margin-bottom : 50px;}.fusion-builder-column-0 > .fusion-column-wrapper {margin-right : 0px;margin-left : 0px;}}<\/style><\/div><div class=\"fusion-layout-column fusion_builder_column fusion-builder-column-1 fusion_builder_column_1_1 1_1 fusion-flex-column\"><div class=\"fusion-column-wrapper fusion-flex-justify-content-flex-start fusion-content-layout-column\" style=\"background-position:center center;background-blend-mode: multiply;background-repeat:no-repeat;-webkit-background-size:cover;-moz-background-size:cover;-o-background-size:cover;background-size:cover;background-color:var(--awb-color1);padding: 0px 0px 0px 0px;\"><style type=\"text\/css\">.fusion-gallery-1 .fusion-gallery-image {border:0px solid var(--awb-color3);}.fusion-gallery.fusion-gallery-1 .fusion-gallery-image img{aspect-ratio:1 \/ 1;}<\/style><div class=\"awb-gallery-wrapper awb-gallery-wrapper-1 button-span-no\" style=\"--more-btn-alignment:center;\"><div class=\"fusion-gallery fusion-gallery-container fusion-grid-3 fusion-columns-total-2 fusion-gallery-layout-grid fusion-gallery-1 has-aspect-ratio\" style=\"margin:-5px;\"><div style=\"padding:5px;\" class=\"fusion-grid-column fusion-gallery-column fusion-gallery-column-3 hover-type-none\"><div class=\"fusion-gallery-image\"><a href=\"https:\/\/grupsevenlleida.com\/wp-content\/uploads\/2026\/01\/Grup-Seven-seguretat-privada-a-Lleida-Empren.jpg\" rel=\"noreferrer\" data-rel=\"iLightbox[gallery_image_1]\" class=\"fusion-lightbox\" target=\"_self\"><img decoding=\"async\" src=\"https:\/\/grupsevenlleida.com\/wp-content\/uploads\/2026\/01\/Grup-Seven-seguretat-privada-a-Lleida-Empren-460x295.jpg\" width=\"460\" height=\"295\" alt=\"\" title=\"Grup Seven seguretat privada a Lleida Empre\u0300n\" aria-label=\"Grup Seven seguretat privada a Lleida Empre\u0300n\" class=\"img-responsive wp-image-5575 fusion-gallery-image-size-fixed\"  \/><\/a><\/div><\/div><div style=\"padding:5px;\" class=\"fusion-grid-column fusion-gallery-column fusion-gallery-column-3 hover-type-none\"><div class=\"fusion-gallery-image\"><a href=\"https:\/\/grupsevenlleida.com\/wp-content\/uploads\/2026\/01\/Captura-de-pantalla-2026-01-26-a-las-16.30.29.png\" rel=\"noreferrer\" data-rel=\"iLightbox[gallery_image_1]\" class=\"fusion-lightbox\" target=\"_self\"><img decoding=\"async\" src=\"https:\/\/grupsevenlleida.com\/wp-content\/uploads\/2026\/01\/Captura-de-pantalla-2026-01-26-a-las-16.30.29-460x295.png\" width=\"460\" height=\"295\" alt=\"\" title=\"Captura de pantalla 2026-01-26 a las 16.30.29\" aria-label=\"Captura de pantalla 2026-01-26 a las 16.30.29\" class=\"img-responsive wp-image-5578 fusion-gallery-image-size-fixed\"  \/><\/a><\/div><\/div><\/div><\/div><\/div><style type=\"text\/css\">.fusion-body .fusion-builder-column-1{width:100% !important;margin-top : 0px;margin-bottom : 20px;}.fusion-builder-column-1 > .fusion-column-wrapper {padding-top : 0px !important;padding-right : 0px !important;margin-right : 10px;padding-bottom : 0px !important;padding-left : 0px !important;margin-left : 10px;}@media only screen and (max-width:1024px) {.fusion-body .fusion-builder-column-1{width:100% !important;order : 0;}.fusion-builder-column-1 > .fusion-column-wrapper {margin-right : 10px;margin-left : 10px;}}@media only screen and (max-width:640px) {.fusion-body .fusion-builder-column-1{width:100% !important;order : 0;}.fusion-builder-column-1 > .fusion-column-wrapper {margin-right : 0px;margin-left : 0px;}}<\/style><\/div><div class=\"fusion-layout-column fusion_builder_column fusion-builder-column-2 fusion_builder_column_1_1 1_1 fusion-flex-column\"><div class=\"fusion-column-wrapper fusion-flex-justify-content-flex-start fusion-content-layout-column\" style=\"background-image: url(&#039;https:\/\/grupsevenlleida.com\/wp-content\/uploads\/2026\/01\/Grup-Seven-seguridad-privada-en-Lleida-Empren-1.jpg&#039;);background-position:center center;background-blend-mode: multiply;background-repeat:no-repeat;-webkit-background-size:cover;-moz-background-size:cover;-o-background-size:cover;background-size:cover;background-color:var(--awb-color6);padding: 0px 0px 0px 0px;\" data-bg-url=\"https:\/\/grupsevenlleida.com\/wp-content\/uploads\/2026\/01\/Grup-Seven-seguridad-privada-en-Lleida-Empren-1.jpg\"><style type=\"text\/css\">.fusion-gallery-2 .fusion-gallery-image {border:0px solid var(--awb-color3);}.fusion-gallery.fusion-gallery-2 .fusion-gallery-image img{aspect-ratio:1 \/ 1;}<\/style><div class=\"awb-gallery-wrapper awb-gallery-wrapper-2 button-span-no\" style=\"--more-btn-alignment:center;\"><div class=\"fusion-gallery fusion-gallery-container fusion-grid-3 fusion-columns-total-0 fusion-gallery-layout-grid fusion-gallery-2 has-aspect-ratio\" style=\"margin:-5px;\"><\/div><\/div><\/div><style type=\"text\/css\">.fusion-body .fusion-builder-column-2{width:100% !important;margin-top : 0px;margin-bottom : 20px;}.fusion-builder-column-2 > .fusion-column-wrapper {padding-top : 0px !important;padding-right : 0px !important;margin-right : 10px;padding-bottom : 0px !important;padding-left : 0px !important;margin-left : 10px;}@media only screen and (max-width:1024px) {.fusion-body .fusion-builder-column-2{width:100% !important;order : 0;}.fusion-builder-column-2 > .fusion-column-wrapper {margin-right : 10px;margin-left : 10px;}}@media only screen and (max-width:640px) {.fusion-body .fusion-builder-column-2{width:100% !important;order : 0;}.fusion-builder-column-2 > .fusion-column-wrapper {margin-right : 0px;margin-left : 0px;}}<\/style><\/div><\/div><style type=\"text\/css\">.fusion-body .fusion-flex-container.fusion-builder-row-1{ padding-top : 0px;margin-top : 0px;padding-right : 0px;padding-bottom : 0px;margin-bottom : 0px;padding-left : 0px;}<\/style><\/div>\n","protected":false},"excerpt":{"rendered":"<p>Vestibulum ante ipsum primis in faucibus orci luctus et ultrices posuere.<\/p>\n","protected":false},"author":1,"featured_media":5573,"comment_status":"closed","ping_status":"closed","sticky":false,"template":"","format":"standard","meta":{"footnotes":""},"categories":[70],"tags":[309,73,769,74,994,113,76,77,78,310,312,308],"class_list":["post-5570","post","type-post","status-publish","format-standard","has-post-thumbnail","hentry","category-noticia-ca","tag-auxiliars-de-servei","tag-grup-seven-ca","tag-grup-seven-espai-de-negocis","tag-lleida-ca","tag-reis-dorient","tag-seguretat-privada-lleida-ca","tag-seguridad-privada-ca","tag-seven-ponent-ca","tag-seven-seguretat-ca","tag-vigilancia-canina","tag-vigilancia-de-seguretat-amb-gos","tag-vigilants-seguretat"],"yoast_head":"<!-- This site is optimized with the Yoast SEO plugin v26.1.1 - https:\/\/yoast.com\/wordpress\/plugins\/seo\/ -->\n<title>Xavier Maza, CEO del Grup Seven, comparteix experi\u00e8ncia empresarial a Lleida Empr\u00e8n - Grup Seven<\/title>\n<meta name=\"description\" content=\"Javier Maza, cofundador del Grup Seven, un dels ponents de la segona edici\u00f3 de Lleida Empr\u00e8n. Museu Morera, Lleida 30 de gener (17.00 h.)\" \/>\n<meta name=\"robots\" content=\"index, follow, max-snippet:-1, max-image-preview:large, max-video-preview:-1\" \/>\n<link rel=\"canonical\" href=\"https:\/\/grupsevenlleida.com\/ca\/xavier-maza-ceo-del-grup-seven-comparteix-experiencia-empresarial-a-lleida-empren\/\" \/>\n<meta property=\"og:locale\" content=\"ca_ES\" \/>\n<meta property=\"og:type\" content=\"article\" \/>\n<meta property=\"og:title\" content=\"Xavier Maza, CEO del Grup Seven, comparteix experi\u00e8ncia empresarial a Lleida Empr\u00e8n - Grup Seven\" \/>\n<meta property=\"og:description\" content=\"Javier Maza, cofundador del Grup Seven, un dels ponents de la segona edici\u00f3 de Lleida Empr\u00e8n. Museu Morera, Lleida 30 de gener (17.00 h.)\" \/>\n<meta property=\"og:url\" content=\"https:\/\/grupsevenlleida.com\/ca\/xavier-maza-ceo-del-grup-seven-comparteix-experiencia-empresarial-a-lleida-empren\/\" \/>\n<meta property=\"og:site_name\" content=\"Grup Seven\" \/>\n<meta property=\"article:published_time\" content=\"2026-01-26T15:26:43+00:00\" \/>\n<meta property=\"article:modified_time\" content=\"2026-01-26T15:37:09+00:00\" \/>\n<meta property=\"og:image\" content=\"https:\/\/grupsevenlleida.com\/wp-content\/uploads\/2026\/01\/Grup-Seven-seguridad-privada-en-Lleida-Empren-1.jpg\" \/>\n\t<meta property=\"og:image:width\" content=\"1080\" \/>\n\t<meta property=\"og:image:height\" content=\"1080\" \/>\n\t<meta property=\"og:image:type\" content=\"image\/jpeg\" \/>\n<meta name=\"author\" content=\"admin\" \/>\n<meta name=\"twitter:card\" content=\"summary_large_image\" \/>\n<meta name=\"twitter:label1\" content=\"Escrit per\" \/>\n\t<meta name=\"twitter:data1\" content=\"admin\" \/>\n\t<meta name=\"twitter:label2\" content=\"Temps estimat de lectura\" \/>\n\t<meta name=\"twitter:data2\" content=\"5 minuts\" \/>\n<script type=\"application\/ld+json\" class=\"yoast-schema-graph\">{\"@context\":\"https:\/\/schema.org\",\"@graph\":[{\"@type\":\"WebPage\",\"@id\":\"https:\/\/grupsevenlleida.com\/ca\/xavier-maza-ceo-del-grup-seven-comparteix-experiencia-empresarial-a-lleida-empren\/\",\"url\":\"https:\/\/grupsevenlleida.com\/ca\/xavier-maza-ceo-del-grup-seven-comparteix-experiencia-empresarial-a-lleida-empren\/\",\"name\":\"Xavier Maza, CEO del Grup Seven, comparteix experi\u00e8ncia empresarial a Lleida Empr\u00e8n - Grup Seven\",\"isPartOf\":{\"@id\":\"https:\/\/grupsevenlleida.com\/#website\"},\"primaryImageOfPage\":{\"@id\":\"https:\/\/grupsevenlleida.com\/ca\/xavier-maza-ceo-del-grup-seven-comparteix-experiencia-empresarial-a-lleida-empren\/#primaryimage\"},\"image\":{\"@id\":\"https:\/\/grupsevenlleida.com\/ca\/xavier-maza-ceo-del-grup-seven-comparteix-experiencia-empresarial-a-lleida-empren\/#primaryimage\"},\"thumbnailUrl\":\"https:\/\/grupsevenlleida.com\/wp-content\/uploads\/2026\/01\/Grup-Seven-seguridad-privada-en-Lleida-Empren-1.jpg\",\"datePublished\":\"2026-01-26T15:26:43+00:00\",\"dateModified\":\"2026-01-26T15:37:09+00:00\",\"author\":{\"@id\":\"https:\/\/grupsevenlleida.com\/#\/schema\/person\/357e8123ef13664579270ffb1bd12374\"},\"description\":\"Javier Maza, cofundador del Grup Seven, un dels ponents de la segona edici\u00f3 de Lleida Empr\u00e8n. Museu Morera, Lleida 30 de gener (17.00 h.)\",\"breadcrumb\":{\"@id\":\"https:\/\/grupsevenlleida.com\/ca\/xavier-maza-ceo-del-grup-seven-comparteix-experiencia-empresarial-a-lleida-empren\/#breadcrumb\"},\"inLanguage\":\"ca\",\"potentialAction\":[{\"@type\":\"ReadAction\",\"target\":[\"https:\/\/grupsevenlleida.com\/ca\/xavier-maza-ceo-del-grup-seven-comparteix-experiencia-empresarial-a-lleida-empren\/\"]}]},{\"@type\":\"ImageObject\",\"inLanguage\":\"ca\",\"@id\":\"https:\/\/grupsevenlleida.com\/ca\/xavier-maza-ceo-del-grup-seven-comparteix-experiencia-empresarial-a-lleida-empren\/#primaryimage\",\"url\":\"https:\/\/grupsevenlleida.com\/wp-content\/uploads\/2026\/01\/Grup-Seven-seguridad-privada-en-Lleida-Empren-1.jpg\",\"contentUrl\":\"https:\/\/grupsevenlleida.com\/wp-content\/uploads\/2026\/01\/Grup-Seven-seguridad-privada-en-Lleida-Empren-1.jpg\",\"width\":1080,\"height\":1080},{\"@type\":\"BreadcrumbList\",\"@id\":\"https:\/\/grupsevenlleida.com\/ca\/xavier-maza-ceo-del-grup-seven-comparteix-experiencia-empresarial-a-lleida-empren\/#breadcrumb\",\"itemListElement\":[{\"@type\":\"ListItem\",\"position\":1,\"name\":\"Home\",\"item\":\"https:\/\/grupsevenlleida.com\/ca\/\"},{\"@type\":\"ListItem\",\"position\":2,\"name\":\"Xavier Maza, CEO del Grup Seven, comparteix experi\u00e8ncia empresarial a Lleida Empr\u00e8n\"}]},{\"@type\":\"WebSite\",\"@id\":\"https:\/\/grupsevenlleida.com\/#website\",\"url\":\"https:\/\/grupsevenlleida.com\/\",\"name\":\"Grup Seven\",\"description\":\"Seguretat privada a Lleida\",\"potentialAction\":[{\"@type\":\"SearchAction\",\"target\":{\"@type\":\"EntryPoint\",\"urlTemplate\":\"https:\/\/grupsevenlleida.com\/?s={search_term_string}\"},\"query-input\":{\"@type\":\"PropertyValueSpecification\",\"valueRequired\":true,\"valueName\":\"search_term_string\"}}],\"inLanguage\":\"ca\"},{\"@type\":\"Person\",\"@id\":\"https:\/\/grupsevenlleida.com\/#\/schema\/person\/357e8123ef13664579270ffb1bd12374\",\"name\":\"admin\",\"image\":{\"@type\":\"ImageObject\",\"inLanguage\":\"ca\",\"@id\":\"https:\/\/grupsevenlleida.com\/#\/schema\/person\/image\/\",\"url\":\"https:\/\/secure.gravatar.com\/avatar\/3d8771e958295f415804336505f0c6faebfe16c066754f8f90e0b5a1023ffc77?s=96&d=mm&r=g\",\"contentUrl\":\"https:\/\/secure.gravatar.com\/avatar\/3d8771e958295f415804336505f0c6faebfe16c066754f8f90e0b5a1023ffc77?s=96&d=mm&r=g\",\"caption\":\"admin\"},\"sameAs\":[\"https:\/\/grupsevenlleida.com\"],\"url\":\"https:\/\/grupsevenlleida.com\/ca\/author\/jordi_6572h63p\/\"}]}<\/script>\n<!-- \/ Yoast SEO plugin. -->","yoast_head_json":{"title":"Xavier Maza, CEO del Grup Seven, comparteix experi\u00e8ncia empresarial a Lleida Empr\u00e8n - Grup Seven","description":"Javier Maza, cofundador del Grup Seven, un dels ponents de la segona edici\u00f3 de Lleida Empr\u00e8n. Museu Morera, Lleida 30 de gener (17.00 h.)","robots":{"index":"index","follow":"follow","max-snippet":"max-snippet:-1","max-image-preview":"max-image-preview:large","max-video-preview":"max-video-preview:-1"},"canonical":"https:\/\/grupsevenlleida.com\/ca\/xavier-maza-ceo-del-grup-seven-comparteix-experiencia-empresarial-a-lleida-empren\/","og_locale":"ca_ES","og_type":"article","og_title":"Xavier Maza, CEO del Grup Seven, comparteix experi\u00e8ncia empresarial a Lleida Empr\u00e8n - Grup Seven","og_description":"Javier Maza, cofundador del Grup Seven, un dels ponents de la segona edici\u00f3 de Lleida Empr\u00e8n. Museu Morera, Lleida 30 de gener (17.00 h.)","og_url":"https:\/\/grupsevenlleida.com\/ca\/xavier-maza-ceo-del-grup-seven-comparteix-experiencia-empresarial-a-lleida-empren\/","og_site_name":"Grup Seven","article_published_time":"2026-01-26T15:26:43+00:00","article_modified_time":"2026-01-26T15:37:09+00:00","og_image":[{"width":1080,"height":1080,"url":"https:\/\/grupsevenlleida.com\/wp-content\/uploads\/2026\/01\/Grup-Seven-seguridad-privada-en-Lleida-Empren-1.jpg","type":"image\/jpeg"}],"author":"admin","twitter_card":"summary_large_image","twitter_misc":{"Escrit per":"admin","Temps estimat de lectura":"5 minuts"},"schema":{"@context":"https:\/\/schema.org","@graph":[{"@type":"WebPage","@id":"https:\/\/grupsevenlleida.com\/ca\/xavier-maza-ceo-del-grup-seven-comparteix-experiencia-empresarial-a-lleida-empren\/","url":"https:\/\/grupsevenlleida.com\/ca\/xavier-maza-ceo-del-grup-seven-comparteix-experiencia-empresarial-a-lleida-empren\/","name":"Xavier Maza, CEO del Grup Seven, comparteix experi\u00e8ncia empresarial a Lleida Empr\u00e8n - Grup Seven","isPartOf":{"@id":"https:\/\/grupsevenlleida.com\/#website"},"primaryImageOfPage":{"@id":"https:\/\/grupsevenlleida.com\/ca\/xavier-maza-ceo-del-grup-seven-comparteix-experiencia-empresarial-a-lleida-empren\/#primaryimage"},"image":{"@id":"https:\/\/grupsevenlleida.com\/ca\/xavier-maza-ceo-del-grup-seven-comparteix-experiencia-empresarial-a-lleida-empren\/#primaryimage"},"thumbnailUrl":"https:\/\/grupsevenlleida.com\/wp-content\/uploads\/2026\/01\/Grup-Seven-seguridad-privada-en-Lleida-Empren-1.jpg","datePublished":"2026-01-26T15:26:43+00:00","dateModified":"2026-01-26T15:37:09+00:00","author":{"@id":"https:\/\/grupsevenlleida.com\/#\/schema\/person\/357e8123ef13664579270ffb1bd12374"},"description":"Javier Maza, cofundador del Grup Seven, un dels ponents de la segona edici\u00f3 de Lleida Empr\u00e8n. Museu Morera, Lleida 30 de gener (17.00 h.)","breadcrumb":{"@id":"https:\/\/grupsevenlleida.com\/ca\/xavier-maza-ceo-del-grup-seven-comparteix-experiencia-empresarial-a-lleida-empren\/#breadcrumb"},"inLanguage":"ca","potentialAction":[{"@type":"ReadAction","target":["https:\/\/grupsevenlleida.com\/ca\/xavier-maza-ceo-del-grup-seven-comparteix-experiencia-empresarial-a-lleida-empren\/"]}]},{"@type":"ImageObject","inLanguage":"ca","@id":"https:\/\/grupsevenlleida.com\/ca\/xavier-maza-ceo-del-grup-seven-comparteix-experiencia-empresarial-a-lleida-empren\/#primaryimage","url":"https:\/\/grupsevenlleida.com\/wp-content\/uploads\/2026\/01\/Grup-Seven-seguridad-privada-en-Lleida-Empren-1.jpg","contentUrl":"https:\/\/grupsevenlleida.com\/wp-content\/uploads\/2026\/01\/Grup-Seven-seguridad-privada-en-Lleida-Empren-1.jpg","width":1080,"height":1080},{"@type":"BreadcrumbList","@id":"https:\/\/grupsevenlleida.com\/ca\/xavier-maza-ceo-del-grup-seven-comparteix-experiencia-empresarial-a-lleida-empren\/#breadcrumb","itemListElement":[{"@type":"ListItem","position":1,"name":"Home","item":"https:\/\/grupsevenlleida.com\/ca\/"},{"@type":"ListItem","position":2,"name":"Xavier Maza, CEO del Grup Seven, comparteix experi\u00e8ncia empresarial a Lleida Empr\u00e8n"}]},{"@type":"WebSite","@id":"https:\/\/grupsevenlleida.com\/#website","url":"https:\/\/grupsevenlleida.com\/","name":"Grup Seven","description":"Seguretat privada a Lleida","potentialAction":[{"@type":"SearchAction","target":{"@type":"EntryPoint","urlTemplate":"https:\/\/grupsevenlleida.com\/?s={search_term_string}"},"query-input":{"@type":"PropertyValueSpecification","valueRequired":true,"valueName":"search_term_string"}}],"inLanguage":"ca"},{"@type":"Person","@id":"https:\/\/grupsevenlleida.com\/#\/schema\/person\/357e8123ef13664579270ffb1bd12374","name":"admin","image":{"@type":"ImageObject","inLanguage":"ca","@id":"https:\/\/grupsevenlleida.com\/#\/schema\/person\/image\/","url":"https:\/\/secure.gravatar.com\/avatar\/3d8771e958295f415804336505f0c6faebfe16c066754f8f90e0b5a1023ffc77?s=96&d=mm&r=g","contentUrl":"https:\/\/secure.gravatar.com\/avatar\/3d8771e958295f415804336505f0c6faebfe16c066754f8f90e0b5a1023ffc77?s=96&d=mm&r=g","caption":"admin"},"sameAs":["https:\/\/grupsevenlleida.com"],"url":"https:\/\/grupsevenlleida.com\/ca\/author\/jordi_6572h63p\/"}]}},"_links":{"self":[{"href":"https:\/\/grupsevenlleida.com\/ca\/wp-json\/wp\/v2\/posts\/5570","targetHints":{"allow":["GET"]}}],"collection":[{"href":"https:\/\/grupsevenlleida.com\/ca\/wp-json\/wp\/v2\/posts"}],"about":[{"href":"https:\/\/grupsevenlleida.com\/ca\/wp-json\/wp\/v2\/types\/post"}],"author":[{"embeddable":true,"href":"https:\/\/grupsevenlleida.com\/ca\/wp-json\/wp\/v2\/users\/1"}],"replies":[{"embeddable":true,"href":"https:\/\/grupsevenlleida.com\/ca\/wp-json\/wp\/v2\/comments?post=5570"}],"version-history":[{"count":4,"href":"https:\/\/grupsevenlleida.com\/ca\/wp-json\/wp\/v2\/posts\/5570\/revisions"}],"predecessor-version":[{"id":5581,"href":"https:\/\/grupsevenlleida.com\/ca\/wp-json\/wp\/v2\/posts\/5570\/revisions\/5581"}],"wp:featuredmedia":[{"embeddable":true,"href":"https:\/\/grupsevenlleida.com\/ca\/wp-json\/wp\/v2\/media\/5573"}],"wp:attachment":[{"href":"https:\/\/grupsevenlleida.com\/ca\/wp-json\/wp\/v2\/media?parent=5570"}],"wp:term":[{"taxonomy":"category","embeddable":true,"href":"https:\/\/grupsevenlleida.com\/ca\/wp-json\/wp\/v2\/categories?post=5570"},{"taxonomy":"post_tag","embeddable":true,"href":"https:\/\/grupsevenlleida.com\/ca\/wp-json\/wp\/v2\/tags?post=5570"}],"curies":[{"name":"wp","href":"https:\/\/api.w.org\/{rel}","templated":true}]}}